{"id":7701,"date":"2022-12-24T12:18:52","date_gmt":"2022-12-24T11:18:52","guid":{"rendered":"https:\/\/www.lafresca.fm\/?p=7701"},"modified":"2022-12-24T12:29:32","modified_gmt":"2022-12-24T11:29:32","slug":"alicante-pide-que-el-2023-sea-declarado-ano-del-artista-de-onil-eusebio-sempere","status":"publish","type":"post","link":"https:\/\/www.lafresca.fm\/alicante-pide-que-el-2023-sea-declarado-ano-del-artista-de-onil-eusebio-sempere\/","title":{"rendered":"Alicante pide que el 2023 sea declarado a\u00f1o del artista de Onil Eusebio Sempere"},"content":{"rendered":"\n<h4 class=\"wp-block-heading\"><strong>Todos los grupos pol\u00edticos acuerdan por unanimidad que se lleve a cabo el homenaje al artista nacido en Onil en 1923, que en 1977 don\u00f3 a la ciudad la extraordinaria colecci\u00f3n de arte que permiti\u00f3 crear el Museo de Arte Contempor\u00e1neo de Alicante<\/strong><\/h4>\n\n\n\n<h5 class=\"wp-block-heading\">Con una unanimidad poco com\u00fan, el Pleno del Ayuntamiento de Alicante aprob\u00f3 ayer una declaraci\u00f3n institucional, suscrita por todos los grupos pol\u00edticos municipales, para instar a la Conselleria de Cultura a impulsar el A\u00f1o Eusebio Sempere en 2023 y otorgar su nombre a la estaci\u00f3n de tren \u2018Alicante-Eusebio Sempere\u2019 con el objetivo de reconocer la figura del artista alicantino, nacido en Onil el 3 de abril de 1923.<\/h5>\n\n\n\n<p>El texto refrendado por toda la corporaci\u00f3n fundamente su petici\u00f3n en la &#8220;innegable maestr\u00eda en el arte cin\u00e9tico, as\u00ed como el arte abstracto&#8221; que plasm\u00f3 Sempere en sus esculturas y cuadros, adem\u00e1s de en reconocimiento a su &#8220;enorme gesto hacia la ciudad de Alicante&#8221;, a la que leg\u00f3 en 1977 una impresionante colecci\u00f3n privada que permiti\u00f3 crear el Museo de Arte Contempor\u00e1neo (MACA).<\/p>\n\n\n\n<figure class=\"wp-block-image size-large is-resized\"><img fetchpriority=\"high\" decoding=\"async\" src=\"https:\/\/www.lafresca.fm\/f-solosog\/2022\/12\/el_cultural_305986842_218934653_1706x960-1170x658.jpg\" alt=\"\" class=\"wp-image-7704\" width=\"803\" height=\"451\" srcset=\"https:\/\/www.lafresca.fm\/f-solosog\/2022\/12\/el_cultural_305986842_218934653_1706x960-1170x658.jpg 1170w, https:\/\/www.lafresca.fm\/f-solosog\/2022\/12\/el_cultural_305986842_218934653_1706x960-770x433.jpg 770w, https:\/\/www.lafresca.fm\/f-solosog\/2022\/12\/el_cultural_305986842_218934653_1706x960-768x432.jpg 768w, https:\/\/www.lafresca.fm\/f-solosog\/2022\/12\/el_cultural_305986842_218934653_1706x960-1536x864.jpg 1536w, https:\/\/www.lafresca.fm\/f-solosog\/2022\/12\/el_cultural_305986842_218934653_1706x960.jpg 1706w\" sizes=\"(max-width: 803px) 100vw, 803px\" \/><\/figure>\n\n\n\n<p>El documento recuerda que la petici\u00f3n inicial, que ahora ratifica toda la Corporaci\u00f3n al un\u00edsono, se hizo llegar ya en agosto a la Conselleria de Cultura, debido a la importancia del artista no solo en la ciudad de Alicante sino en la provincia.<\/p>\n\n\n\n<p>Adem\u00e1s, se solicita que la estaci\u00f3n del ferrocarril de ADIF en Alicante, que actualmente se denomina Alicante-Terminal se cambie por Alicante-Eusebio Sempere, y se recuerda que esta petici\u00f3n ya se aprob\u00f3 en el Pleno del 29 de octubre de 2015 para la del AVE, que ahora se ampl\u00eda a toda la terminal.<\/p>\n\n\n\n<h5 class=\"wp-block-heading\">La petici\u00f3n se basa en la &#8220;innegable maestr\u00eda en el arte cin\u00e9tico, as\u00ed como el arte abstracto&#8221; que plasm\u00f3 Sempere en sus esculturas y cuadros, adem\u00e1s de en reconocimiento a su &#8220;enorme gesto hacia la ciudad de Alicante&#8221;<\/h5>\n\n\n\n<p>La declaraci\u00f3n hace un recorrido por la vida y obra del artista y todos sus reconocimientos, desde el Pr\u00edncipe de Asturias de las Artes, al Doctor Honoris Causa de la Universidad de Alicante pasando por la Real Academia de Bellas Artes de San Carlos en Valencia o la declaraci\u00f3n de hijo predilecto de la provincia.<\/p>\n<script>function PlayerjsAsync(){} if(window[\"Playerjs\"]){PlayerjsAsync();}<\/script>","protected":false},"excerpt":{"rendered":"<p>Todos los grupos pol\u00edticos acuerdan por unanimidad el homenaje al artista nacido en Onil en 1923.<\/p>\n","protected":false},"author":2,"featured_media":7704,"comment_status":"closed","ping_status":"closed","sticky":false,"template":"","format":"standard","meta":{"_monsterinsights_skip_tracking":false,"_monsterinsights_sitenote_active":false,"_monsterinsights_sitenote_note":"","_monsterinsights_sitenote_category":0,"footnotes":""},"categories":[4],"tags":[257,133],"class_list":["post-7701","post","type-post","status-publish","format-standard","has-post-thumbnail","hentry","category-alicante","tag-eusebio-sempere","tag-onil"],"aioseo_notices":[],"_links":{"self":[{"href":"https:\/\/www.lafresca.fm\/fresca-api-json\/wp\/v2\/posts\/7701","targetHints":{"allow":["GET"]}}],"collection":[{"href":"https:\/\/www.lafresca.fm\/fresca-api-json\/wp\/v2\/posts"}],"about":[{"href":"https:\/\/www.lafresca.fm\/fresca-api-json\/wp\/v2\/types\/post"}],"author":[{"embeddable":true,"href":"https:\/\/www.lafresca.fm\/fresca-api-json\/wp\/v2\/users\/2"}],"replies":[{"embeddable":true,"href":"https:\/\/www.lafresca.fm\/fresca-api-json\/wp\/v2\/comments?post=7701"}],"version-history":[{"count":2,"href":"https:\/\/www.lafresca.fm\/fresca-api-json\/wp\/v2\/posts\/7701\/revisions"}],"predecessor-version":[{"id":7706,"href":"https:\/\/www.lafresca.fm\/fresca-api-json\/wp\/v2\/posts\/7701\/revisions\/7706"}],"wp:featuredmedia":[{"embeddable":true,"href":"https:\/\/www.lafresca.fm\/fresca-api-json\/wp\/v2\/media\/7704"}],"wp:attachment":[{"href":"https:\/\/www.lafresca.fm\/fresca-api-json\/wp\/v2\/media?parent=7701"}],"wp:term":[{"taxonomy":"category","embeddable":true,"href":"https:\/\/www.lafresca.fm\/fresca-api-json\/wp\/v2\/categories?post=7701"},{"taxonomy":"post_tag","embeddable":true,"href":"https:\/\/www.lafresca.fm\/fresca-api-json\/wp\/v2\/tags?post=7701"}],"curies":[{"name":"wp","href":"https:\/\/api.w.org\/{rel}","templated":true}]}}