{"id":7735,"date":"2022-12-29T08:49:31","date_gmt":"2022-12-29T07:49:31","guid":{"rendered":"https:\/\/www.lafresca.fm\/?p=7735"},"modified":"2022-12-29T08:49:36","modified_gmt":"2022-12-29T07:49:36","slug":"el-sector-juguetero-valenciano-preve-facturar-casi-1-700-millones-un-25-mas","status":"publish","type":"post","link":"https:\/\/www.lafresca.fm\/el-sector-juguetero-valenciano-preve-facturar-casi-1-700-millones-un-25-mas\/","title":{"rendered":"El sector juguetero valenciano prev\u00e9 facturar casi 1.700 millones, un 2,5 % m\u00e1s"},"content":{"rendered":"\n<p>Las empresas jugueteras de la Comunidad Valenciana, concentradas principalmente en la comarca alicantina de la Foia de Castalla, prev\u00e9n facturar m\u00e1s de 1.650 millones de euros, incluyendo ya la campa\u00f1a de Navidad, lo que supondr\u00e1 un 2,5 % m\u00e1s respecto a 2021, seg\u00fan la vicepresidenta y consejera de Igualdad y Pol\u00edticas Inclusivas, Aitana Mas.<\/p>\n\n\n\n<p>Con motivo de la campa\u00f1a de Navidad y Reyes, Mas ha visitado la f\u00e1brica Mu\u00f1ecas Arias en Castalla, una de las empresas jugueteras punteras, para conocer de \u201cprimera mano\u201d como es el proceso de un sector que en la comarca de la Foia de Castalla \u201cre\u00fane al 90 % de las empresas del juguete\u201d, seg\u00fan un comunicado de la Generalitat.<\/p>\n\n\n\n<p>La vicepresidenta del Ejecutivo auton\u00f3mico ha aprovechado la visita a Mu\u00f1ecas Arias para destacar el apoyo de la Generalitat un sector que sit\u00faa a la Comunidad Valenciana como la primera fabricante de juguetes de Espa\u00f1a, con el 38 % de la facturaci\u00f3n global y el 42 % del empleo.<\/p>\n\n\n\n<p>Adem\u00e1s, ha se\u00f1alado que la producci\u00f3n del sector en la Comunidad Valenciana \u201cgarantiza que los juguetes cuenten con la calidad y seguridad que este tipo de producto debe ofrecer\u201d.<\/p>\n\n\n\n<p>En su visita a Castalla, Mas ha recordado que el sector del juguete constituye una de las principales industrias tradicionales valencianas y ha formado parte, junto a otros sectores, del \u201cimprescindible proceso de desarrollo de nuestro territorio\u201d.<\/p>\n\n\n\n<p>EXPORTACIONES DEL SECTOR<\/p>\n\n\n\n<p>Las exportaciones del juguete en el periodo enero-agosto de 2022 han alcanzado un valor de 148 millones de euros, lo que representa un aumento del 15,38 % respecto al mismo lapso del a\u00f1o anterior.<\/p>\n\n\n\n<p>El primer cliente de la Comunidad Valenciana en este periodo ha sido Portugal, con 2,5 millones de euros y un ascenso del 36,5 % en comparaci\u00f3n con los mismos meses del a\u00f1o pasado. Le sigue Francia, con 16 millones de euros, lo que supone un descenso del 17 % en relaci\u00f3n con el mismo periodo de 2021.<\/p>\n\n\n\n<p>Las exportaciones a Alemania, situada en tercer lugar, crecen un 36,5 %, con un valor de 15,9 millones de euros. Le siguen Italia, Grecia, B\u00e9lgica, Pa\u00edses Bajos y Estados Unidos. Entre estos destaca el incremento del 85 % con destino a Pa\u00edses Bajos.<\/p>\n<script>function PlayerjsAsync(){} if(window[\"Playerjs\"]){PlayerjsAsync();}<\/script>","protected":false},"excerpt":{"rendered":"<p>En la Foia de Castalla, se prev\u00e9 facturar m\u00e1s de 1.650 millones de euros, incluyendo ya la campa\u00f1a de Navidad<\/p>\n","protected":false},"author":2,"featured_media":7736,"comment_status":"closed","ping_status":"closed","sticky":false,"template":"","format":"standard","meta":{"_monsterinsights_skip_tracking":false,"_monsterinsights_sitenote_active":false,"_monsterinsights_sitenote_note":"","_monsterinsights_sitenote_category":0,"footnotes":""},"categories":[4],"tags":[],"class_list":["post-7735","post","type-post","status-publish","format-standard","has-post-thumbnail","hentry","category-alicante"],"aioseo_notices":[],"_links":{"self":[{"href":"https:\/\/www.lafresca.fm\/fresca-api-json\/wp\/v2\/posts\/7735","targetHints":{"allow":["GET"]}}],"collection":[{"href":"https:\/\/www.lafresca.fm\/fresca-api-json\/wp\/v2\/posts"}],"about":[{"href":"https:\/\/www.lafresca.fm\/fresca-api-json\/wp\/v2\/types\/post"}],"author":[{"embeddable":true,"href":"https:\/\/www.lafresca.fm\/fresca-api-json\/wp\/v2\/users\/2"}],"replies":[{"embeddable":true,"href":"https:\/\/www.lafresca.fm\/fresca-api-json\/wp\/v2\/comments?post=7735"}],"version-history":[{"count":1,"href":"https:\/\/www.lafresca.fm\/fresca-api-json\/wp\/v2\/posts\/7735\/revisions"}],"predecessor-version":[{"id":7737,"href":"https:\/\/www.lafresca.fm\/fresca-api-json\/wp\/v2\/posts\/7735\/revisions\/7737"}],"wp:featuredmedia":[{"embeddable":true,"href":"https:\/\/www.lafresca.fm\/fresca-api-json\/wp\/v2\/media\/7736"}],"wp:attachment":[{"href":"https:\/\/www.lafresca.fm\/fresca-api-json\/wp\/v2\/media?parent=7735"}],"wp:term":[{"taxonomy":"category","embeddable":true,"href":"https:\/\/www.lafresca.fm\/fresca-api-json\/wp\/v2\/categories?post=7735"},{"taxonomy":"post_tag","embeddable":true,"href":"https:\/\/www.lafresca.fm\/fresca-api-json\/wp\/v2\/tags?post=7735"}],"curies":[{"name":"wp","href":"https:\/\/api.w.org\/{rel}","templated":true}]}}