{"id":7739,"date":"2022-12-30T09:02:29","date_gmt":"2022-12-30T08:02:29","guid":{"rendered":"https:\/\/www.lafresca.fm\/?p=7739"},"modified":"2022-12-30T09:02:32","modified_gmt":"2022-12-30T08:02:32","slug":"el-pleno-del-ayuntamiento-de-castalla-aprueba-planes-estrategicos-y-pagos-de-ayudas","status":"publish","type":"post","link":"https:\/\/www.lafresca.fm\/el-pleno-del-ayuntamiento-de-castalla-aprueba-planes-estrategicos-y-pagos-de-ayudas\/","title":{"rendered":"El Pleno del Ayuntamiento de Castalla aprueba planes estrat\u00e9gicos y pagos de ayudas"},"content":{"rendered":"\n<p>El Consistorio sienta las bases para la declaraci\u00f3n de Municipio Tur\u00edstico de Singularidad y la integraci\u00f3n en la Red de Destinos Tur\u00edsticos Inteligentes (DTI)<\/p>\n\n\n\n<p>El Pleno del Ayuntamiento de Castalla ha aprobado, con los votos del equipo de gobierno municipal y la ausencia de los grupos pol\u00edticos de la oposici\u00f3n, distintos asuntos econ\u00f3micos que permiten cerrar el a\u00f1o con todas <a><\/a>las subvenciones a clubes deportivos y a Cruz Roja. Adem\u00e1s, se han sentado las bases de distintos proyectos que se trabajar\u00e1n de cara al a\u00f1o nuevo entre los que destacan los relacionados con la promoci\u00f3n tur\u00edstica de la localidad y su consolidaci\u00f3n como destino de interior en la provincia de Alicante.<\/p>\n\n\n\n<p>El alcalde de Castalla, Antonio Bernabeu, ha justificado la convocatoria del Pleno, extraordinaria y urgente, \u201cporque de no haberla hecho habr\u00eda sido una irresponsabilidad, ya que dejar\u00edamos a nuestros clubes deportivos y entidades como Cruz Roja sin un dinero que necesitan para su funcionamiento y mantenimiento\u201d. Al mismo tiempo ha recalcado que \u201clas garant\u00edas de transparencia y legalidad est\u00e1n garantizadas en todos los asuntos elevados al Pleno ya que los documentos est\u00e1n fiscalizados por los t\u00e9cnicos municipales\u201d.<\/p>\n\n\n\n<p>En lo relativo a las subvenciones a clubes deportivos, la Concejal\u00eda de Deportes ha elevado al Pleno una propuesta para completar las cuant\u00edas comprometidas con los clubes de f\u00fatbol sala, f\u00fatbol, atletismo, baloncesto, tenis, pilota, ciclismo y gimnasia r\u00edtmica.<\/p>\n\n\n\n<p>Otro de los puntos del orden del d\u00eda era la transferencia de cr\u00e9ditos que salen de las concejal\u00edas de Servicios Sociales y Medio Ambiente para la labor que realiza Cruz Roja en Castalla, con un total de 35.027,03 euros. Tambi\u00e9n en materia de bienestar social, la edil Maite Gimeno ha llevado a Pleno la propuesta de acuerdo para la aprobaci\u00f3n inicial del I Plan Estrat\u00e9gico Zonal de Castalla 2023-2026. Este plan \u201ctiene por objetivo garantizar que la poblaci\u00f3n reciba una atenci\u00f3n adecuada, y para ello hemos dise\u00f1ado una estrategia que se divide en tres ejes y una estrategia articulada en cuatro l\u00edneas para mejorar los Servicios Sociales municipales\u201d. Gimeno ha a\u00f1adido que con este paso \u201cya podemos pasar a la fase de informaci\u00f3n p\u00fablica para que se puedan presentar alegaciones y cuanto antes, poder ponernos a trabajar en este documento tan importante\u201d.<\/p>\n\n\n\n<p>El Turismo ha sido otro de los temas relevantes de la sesi\u00f3n plenaria. Por un lado, se ha procedido a la aprobaci\u00f3n inicial del Plan Estrat\u00e9gico de Turismo 2023-2026 que tiene como l\u00edneas de actuaci\u00f3n la implicaci\u00f3n de toda la sociedad de Castalla mediante acciones de colaboraci\u00f3n p\u00fablico privadas y de participaci\u00f3n ciudadana; fomentar el empleo y la inclusi\u00f3n; defensa de la imagen tur\u00edstica y mejora de su calidad; equilibrio para evitar impactos negativos al medio ambiente; potenciaci\u00f3n de la marca y definici\u00f3n del producto tur\u00edstico; orientar al municipio a Destino Tur\u00edstico Inteligencia y de innovaci\u00f3n digital y diferenciaci\u00f3n del producto y actuaciones de sostenibilidad y 2 \/ 2 accesibilidad integral\u201d. Igual que el Plan de Servicios Sociales, a partir de esta aprobaci\u00f3n inicial el texto se someter\u00e1 a informaci\u00f3n p\u00fablica para presentaci\u00f3n de reclamaciones y sugerencias.<\/p>\n\n\n\n<p>Al margen de este punto, tambi\u00e9n se ha adoptado el compromiso municipal de trabajar para el cumplimiento de la nueva regulaci\u00f3n de municipio tur\u00edstico de la Generalitat Valenciana en lo relativo a intrusismo y competencia desleal puesto que es objetivo de la Concejal\u00eda de Turismo solicitar la actualizaci\u00f3n de la condici\u00f3n de Municipio Tur\u00edstico de Singularidad para Castalla. Por \u00faltimo, se solicita la adhesi\u00f3n de Castalla a la RED DTI-CV, que es la red de destinos tur\u00edsticos inteligentes de la Comunitat Valenciana, para lo que se crea el Ente Gestor DTI Local compuesto por responsables pol\u00edticos y t\u00e9cnicos del Ayuntamiento.<\/p>\n<script>function PlayerjsAsync(){} if(window[\"Playerjs\"]){PlayerjsAsync();}<\/script>","protected":false},"excerpt":{"rendered":"<p>El Consistorio sienta las bases para la declaraci\u00f3n de Municipio Tur\u00edstico de Singularidad y la integraci\u00f3n en la Red de Destinos Tur\u00edsticos Inteligentes (DTI)<\/p>\n","protected":false},"author":2,"featured_media":7740,"comment_status":"closed","ping_status":"closed","sticky":false,"template":"","format":"standard","meta":{"_monsterinsights_skip_tracking":false,"_monsterinsights_sitenote_active":false,"_monsterinsights_sitenote_note":"","_monsterinsights_sitenote_category":0,"footnotes":""},"categories":[4],"tags":[144],"class_list":["post-7739","post","type-post","status-publish","format-standard","has-post-thumbnail","hentry","category-alicante","tag-castalla"],"aioseo_notices":[],"_links":{"self":[{"href":"https:\/\/www.lafresca.fm\/fresca-api-json\/wp\/v2\/posts\/7739","targetHints":{"allow":["GET"]}}],"collection":[{"href":"https:\/\/www.lafresca.fm\/fresca-api-json\/wp\/v2\/posts"}],"about":[{"href":"https:\/\/www.lafresca.fm\/fresca-api-json\/wp\/v2\/types\/post"}],"author":[{"embeddable":true,"href":"https:\/\/www.lafresca.fm\/fresca-api-json\/wp\/v2\/users\/2"}],"replies":[{"embeddable":true,"href":"https:\/\/www.lafresca.fm\/fresca-api-json\/wp\/v2\/comments?post=7739"}],"version-history":[{"count":1,"href":"https:\/\/www.lafresca.fm\/fresca-api-json\/wp\/v2\/posts\/7739\/revisions"}],"predecessor-version":[{"id":7741,"href":"https:\/\/www.lafresca.fm\/fresca-api-json\/wp\/v2\/posts\/7739\/revisions\/7741"}],"wp:featuredmedia":[{"embeddable":true,"href":"https:\/\/www.lafresca.fm\/fresca-api-json\/wp\/v2\/media\/7740"}],"wp:attachment":[{"href":"https:\/\/www.lafresca.fm\/fresca-api-json\/wp\/v2\/media?parent=7739"}],"wp:term":[{"taxonomy":"category","embeddable":true,"href":"https:\/\/www.lafresca.fm\/fresca-api-json\/wp\/v2\/categories?post=7739"},{"taxonomy":"post_tag","embeddable":true,"href":"https:\/\/www.lafresca.fm\/fresca-api-json\/wp\/v2\/tags?post=7739"}],"curies":[{"name":"wp","href":"https:\/\/api.w.org\/{rel}","templated":true}]}}