{"id":7767,"date":"2023-01-05T15:59:27","date_gmt":"2023-01-05T14:59:27","guid":{"rendered":"https:\/\/www.lafresca.fm\/?p=7767"},"modified":"2023-01-05T15:59:30","modified_gmt":"2023-01-05T14:59:30","slug":"el-alcalde-de-castalla-recibe-de-la-diputacion-de-alicante-el-plan-director-del-paraje-de-xorret-de-cati","status":"publish","type":"post","link":"https:\/\/www.lafresca.fm\/el-alcalde-de-castalla-recibe-de-la-diputacion-de-alicante-el-plan-director-del-paraje-de-xorret-de-cati\/","title":{"rendered":"El alcalde de Castalla recibe de la Diputaci\u00f3n de Alicante el Plan Director del paraje de Xorret de Cat\u00ed"},"content":{"rendered":"\n<p>El diputado de Arquitectura, Jos\u00e9 Ram\u00f3n Gonz\u00e1lez de Z\u00e1rate, ha entregado esta ma\u00f1ana al alcalde de Castalla, Antonio Bernabeu, el \u2018Plan Director Xorret de Cat\u00ed. Costa Blanca Interior\u2019 para que el consistorio lo remita a la Conselleria de Medio Ambiente, \u00e1rea que ya hab\u00eda mostrado su conformidad a este proyecto, seg\u00fan avanz\u00f3 el pasado mes de agosto la entonces consellera Mireia Moll\u00e0. El acto, celebrado en el Palacio Provincial, ha contado tambi\u00e9n con la presencia del diputado de Infraestructuras, Javier Guti\u00e9rrez.<\/p>\n\n\n\n<figure class=\"wp-block-image size-large\"><img fetchpriority=\"high\" decoding=\"async\" width=\"1170\" height=\"780\" src=\"https:\/\/www.lafresca.fm\/f-solosog\/2023\/01\/322489114_824653305273850_1700681383301945113_n-1170x780.jpg\" alt=\"\" class=\"wp-image-7768\" srcset=\"https:\/\/www.lafresca.fm\/f-solosog\/2023\/01\/322489114_824653305273850_1700681383301945113_n-1170x780.jpg 1170w, https:\/\/www.lafresca.fm\/f-solosog\/2023\/01\/322489114_824653305273850_1700681383301945113_n-770x513.jpg 770w, https:\/\/www.lafresca.fm\/f-solosog\/2023\/01\/322489114_824653305273850_1700681383301945113_n-768x512.jpg 768w, https:\/\/www.lafresca.fm\/f-solosog\/2023\/01\/322489114_824653305273850_1700681383301945113_n-1536x1024.jpg 1536w, https:\/\/www.lafresca.fm\/f-solosog\/2023\/01\/322489114_824653305273850_1700681383301945113_n.jpg 2048w\" sizes=\"(max-width: 1170px) 100vw, 1170px\" \/><\/figure>\n\n\n\n<p>La Diputaci\u00f3n de Alicante impulsa este interesante propuesta, que afecta a seis \u00e1reas verdes de la provincia y con la que se pretende dinamizar el turismo activo y sostenible, mejorar y preservar el entorno natural, cohesionar el territorio, as\u00ed como desestacionalizar y diversificar el producto.<\/p>\n\n\n\n<p>Esta misma semana, el presidente de la instituci\u00f3n, Carlos Maz\u00f3n, present\u00f3 junto al diputado de Arquitectura y al director del Patronato Costa Blanca, Jos\u00e9 Mancebo, esta iniciativa que cuenta con un presupuesto superior a los 10 millones de euros -5,7 millones procedentes de la Uni\u00f3n Europea y otros 5 millones que aportar\u00e1 la Diputaci\u00f3n para su ejecuci\u00f3n<\/p>\n<script>function PlayerjsAsync(){} if(window[\"Playerjs\"]){PlayerjsAsync();}<\/script>","protected":false},"excerpt":{"rendered":"<p>El diputado de Arquitectura, Jos\u00e9 Ram\u00f3n Gonz\u00e1lez de Z\u00e1rate, ha entregado esta ma\u00f1ana al alcalde de Castalla, Antonio Bernabeu, el \u2018Plan Director Xorret de Cat\u00ed. Costa Blanca Interior\u2019 para que el consistorio lo remita a la Conselleria de Medio Ambiente, \u00e1rea que ya hab\u00eda mostrado su conformidad a este proyecto, ...<\/p>\n","protected":false},"author":2,"featured_media":7768,"comment_status":"closed","ping_status":"closed","sticky":false,"template":"","format":"standard","meta":{"_monsterinsights_skip_tracking":false,"_monsterinsights_sitenote_active":false,"_monsterinsights_sitenote_note":"","_monsterinsights_sitenote_category":0,"footnotes":""},"categories":[4],"tags":[144,142,270],"class_list":["post-7767","post","type-post","status-publish","format-standard","has-post-thumbnail","hentry","category-alicante","tag-castalla","tag-diputacion-de-alicante","tag-xorret-de-cati"],"aioseo_notices":[],"_links":{"self":[{"href":"https:\/\/www.lafresca.fm\/fresca-api-json\/wp\/v2\/posts\/7767","targetHints":{"allow":["GET"]}}],"collection":[{"href":"https:\/\/www.lafresca.fm\/fresca-api-json\/wp\/v2\/posts"}],"about":[{"href":"https:\/\/www.lafresca.fm\/fresca-api-json\/wp\/v2\/types\/post"}],"author":[{"embeddable":true,"href":"https:\/\/www.lafresca.fm\/fresca-api-json\/wp\/v2\/users\/2"}],"replies":[{"embeddable":true,"href":"https:\/\/www.lafresca.fm\/fresca-api-json\/wp\/v2\/comments?post=7767"}],"version-history":[{"count":1,"href":"https:\/\/www.lafresca.fm\/fresca-api-json\/wp\/v2\/posts\/7767\/revisions"}],"predecessor-version":[{"id":7769,"href":"https:\/\/www.lafresca.fm\/fresca-api-json\/wp\/v2\/posts\/7767\/revisions\/7769"}],"wp:featuredmedia":[{"embeddable":true,"href":"https:\/\/www.lafresca.fm\/fresca-api-json\/wp\/v2\/media\/7768"}],"wp:attachment":[{"href":"https:\/\/www.lafresca.fm\/fresca-api-json\/wp\/v2\/media?parent=7767"}],"wp:term":[{"taxonomy":"category","embeddable":true,"href":"https:\/\/www.lafresca.fm\/fresca-api-json\/wp\/v2\/categories?post=7767"},{"taxonomy":"post_tag","embeddable":true,"href":"https:\/\/www.lafresca.fm\/fresca-api-json\/wp\/v2\/tags?post=7767"}],"curies":[{"name":"wp","href":"https:\/\/api.w.org\/{rel}","templated":true}]}}