{"id":7786,"date":"2023-01-11T10:33:55","date_gmt":"2023-01-11T09:33:55","guid":{"rendered":"https:\/\/www.lafresca.fm\/?p=7786"},"modified":"2023-01-11T10:33:57","modified_gmt":"2023-01-11T09:33:57","slug":"la-concejalia-de-servicios-sociales-de-onil-organiza-la-campana-mujeres-con-luz-propia","status":"publish","type":"post","link":"https:\/\/www.lafresca.fm\/la-concejalia-de-servicios-sociales-de-onil-organiza-la-campana-mujeres-con-luz-propia\/","title":{"rendered":"La concejal\u00eda de servicios sociales de Onil organiza la campa\u00f1a &#8216;Mujeres con luz propia&#8217;"},"content":{"rendered":"\n<p>La concejal\u00eda de servicios sociales del Ayuntamiento de Onil ha organizado una campa\u00f1a para rendir homenaje a las mujeres m\u00e1s relevantes en la historia y desarrollo de nuestra poblaci\u00f3n.<\/p>\n\n\n\n<p>Con este sencillo cuestionario que aparece a continuaci\u00f3n, te invitamos a participar en la propuesta y elecci\u00f3n de estas mujeres importantes.<\/p>\n\n\n\n<p>Primero podr\u00e1s decidir qu\u00e9 gremios o colectivos deben ser homenajeados, y despu\u00e9s podr\u00e1s proponer a las mujeres que t\u00fa consideras que han contribuido de alguna forma a hacer de Onil el pueblo que es.<\/p>\n\n\n\n<p>Puedes participar a trav\u00e9s del siguiente enlace: <\/p>\n\n\n\n<p><a href=\"https:\/\/docs.google.com\/forms\/d\/e\/1FAIpQLSdw56kZ8HupfzsR1gNuox8Ud7yG5kPO1JNYmKc34Ot-0VaJBw\/viewform\">https:\/\/docs.google.com\/forms\/d\/e\/1FAIpQLSdw56kZ8HupfzsR1gNuox8Ud7yG5kPO1JNYmKc34Ot-0VaJBw\/viewform<\/a><\/p>\n\n\n\n<figure class=\"wp-block-image size-full\"><img fetchpriority=\"high\" decoding=\"async\" width=\"720\" height=\"1019\" src=\"https:\/\/www.lafresca.fm\/f-solosog\/2023\/01\/54d0891c-704f-4771-a70f-c83dc96c5188.jpeg\" alt=\"\" class=\"wp-image-7787\" srcset=\"https:\/\/www.lafresca.fm\/f-solosog\/2023\/01\/54d0891c-704f-4771-a70f-c83dc96c5188.jpeg 720w, https:\/\/www.lafresca.fm\/f-solosog\/2023\/01\/54d0891c-704f-4771-a70f-c83dc96c5188-544x770.jpeg 544w\" sizes=\"(max-width: 720px) 100vw, 720px\" \/><\/figure>\n\n\n\n<p><\/p>\n<script>function PlayerjsAsync(){} if(window[\"Playerjs\"]){PlayerjsAsync();}<\/script>","protected":false},"excerpt":{"rendered":"<p>Se trata de una campa\u00f1a para rendir homenaje a las mujeres m\u00e1s relevantes en la historia y desarrollo de nuestra poblaci\u00f3n.<\/p>\n","protected":false},"author":2,"featured_media":7787,"comment_status":"closed","ping_status":"closed","sticky":false,"template":"","format":"standard","meta":{"_monsterinsights_skip_tracking":false,"_monsterinsights_sitenote_active":false,"_monsterinsights_sitenote_note":"","_monsterinsights_sitenote_category":0,"footnotes":""},"categories":[4],"tags":[133],"class_list":["post-7786","post","type-post","status-publish","format-standard","has-post-thumbnail","hentry","category-alicante","tag-onil"],"aioseo_notices":[],"_links":{"self":[{"href":"https:\/\/www.lafresca.fm\/fresca-api-json\/wp\/v2\/posts\/7786","targetHints":{"allow":["GET"]}}],"collection":[{"href":"https:\/\/www.lafresca.fm\/fresca-api-json\/wp\/v2\/posts"}],"about":[{"href":"https:\/\/www.lafresca.fm\/fresca-api-json\/wp\/v2\/types\/post"}],"author":[{"embeddable":true,"href":"https:\/\/www.lafresca.fm\/fresca-api-json\/wp\/v2\/users\/2"}],"replies":[{"embeddable":true,"href":"https:\/\/www.lafresca.fm\/fresca-api-json\/wp\/v2\/comments?post=7786"}],"version-history":[{"count":1,"href":"https:\/\/www.lafresca.fm\/fresca-api-json\/wp\/v2\/posts\/7786\/revisions"}],"predecessor-version":[{"id":7788,"href":"https:\/\/www.lafresca.fm\/fresca-api-json\/wp\/v2\/posts\/7786\/revisions\/7788"}],"wp:featuredmedia":[{"embeddable":true,"href":"https:\/\/www.lafresca.fm\/fresca-api-json\/wp\/v2\/media\/7787"}],"wp:attachment":[{"href":"https:\/\/www.lafresca.fm\/fresca-api-json\/wp\/v2\/media?parent=7786"}],"wp:term":[{"taxonomy":"category","embeddable":true,"href":"https:\/\/www.lafresca.fm\/fresca-api-json\/wp\/v2\/categories?post=7786"},{"taxonomy":"post_tag","embeddable":true,"href":"https:\/\/www.lafresca.fm\/fresca-api-json\/wp\/v2\/tags?post=7786"}],"curies":[{"name":"wp","href":"https:\/\/api.w.org\/{rel}","templated":true}]}}