{"id":7792,"date":"2023-01-12T09:36:24","date_gmt":"2023-01-12T08:36:24","guid":{"rendered":"https:\/\/www.lafresca.fm\/?p=7792"},"modified":"2023-01-12T09:36:26","modified_gmt":"2023-01-12T08:36:26","slug":"el-ayuntamiento-de-ibi-procedera-al-desmontaje-de-las-piezas-del-monumento-a-los-paqueteros-para-una-limpieza-especial","status":"publish","type":"post","link":"https:\/\/www.lafresca.fm\/el-ayuntamiento-de-ibi-procedera-al-desmontaje-de-las-piezas-del-monumento-a-los-paqueteros-para-una-limpieza-especial\/","title":{"rendered":"El Ayuntamiento de Ibi proceder\u00e1 al desmontaje de las piezas del monumento a los Paqueteros para una limpieza especial."},"content":{"rendered":"\n<p>Tras una primera limpieza inicial de la base del monumento, despu\u00e9s de los actos vand\u00e1licos acontecidos la noche de la Cabalgata, el consistorio ha contratado a la empresa encargada de la reparaci\u00f3n de las figuras de los paqueteros y paqueteras reales, los cuales tendr\u00e1n que ser desmontados y trasladados para su correspondiente limpieza.<\/p>\n\n\n\n<p>Se trata de un material que no puede ser reparado de ya para ya, ni por trabajadores municipales, ya que requiere de un tratamiento especial, con su correspondiente procedimiento administrativo para su contrato.<\/p>\n\n\n\n<figure class=\"wp-block-image size-full\"><img fetchpriority=\"high\" decoding=\"async\" width=\"537\" height=\"597\" src=\"https:\/\/www.lafresca.fm\/f-solosog\/2023\/01\/321510947_711354044038316_3208231249948443806_n.jpg\" alt=\"\" class=\"wp-image-7794\"\/><\/figure>\n\n\n\n<p>Desde el ayuntamiento a trav\u00e9s de un comunicado, desean de que no vuelva a ocurrir algo as\u00ed, y mucho menos con un tema tan significativo y lleno de valor para Ibi. Tambi\u00e9n piden que, entre todos, dejemos de dar publicidad a mensajes de este tipo, sin fundamento, que parten del desconocimiento y que solo consiguen empa\u00f1ar los valores de un pueblo respetuoso y solidario como Ibi y la figura tan querida de los Paqueteros y Paqueteras Reales.<\/p>\n<script>function PlayerjsAsync(){} if(window[\"Playerjs\"]){PlayerjsAsync();}<\/script>","protected":false},"excerpt":{"rendered":"<p>Se trata de un material que no puede ser reparado de ya para ya<\/p>\n","protected":false},"author":2,"featured_media":7793,"comment_status":"closed","ping_status":"closed","sticky":false,"template":"","format":"standard","meta":{"_monsterinsights_skip_tracking":false,"_monsterinsights_sitenote_active":false,"_monsterinsights_sitenote_note":"","_monsterinsights_sitenote_category":0,"footnotes":""},"categories":[4],"tags":[128],"class_list":["post-7792","post","type-post","status-publish","format-standard","has-post-thumbnail","hentry","category-alicante","tag-ibi"],"aioseo_notices":[],"_links":{"self":[{"href":"https:\/\/www.lafresca.fm\/fresca-api-json\/wp\/v2\/posts\/7792","targetHints":{"allow":["GET"]}}],"collection":[{"href":"https:\/\/www.lafresca.fm\/fresca-api-json\/wp\/v2\/posts"}],"about":[{"href":"https:\/\/www.lafresca.fm\/fresca-api-json\/wp\/v2\/types\/post"}],"author":[{"embeddable":true,"href":"https:\/\/www.lafresca.fm\/fresca-api-json\/wp\/v2\/users\/2"}],"replies":[{"embeddable":true,"href":"https:\/\/www.lafresca.fm\/fresca-api-json\/wp\/v2\/comments?post=7792"}],"version-history":[{"count":1,"href":"https:\/\/www.lafresca.fm\/fresca-api-json\/wp\/v2\/posts\/7792\/revisions"}],"predecessor-version":[{"id":7795,"href":"https:\/\/www.lafresca.fm\/fresca-api-json\/wp\/v2\/posts\/7792\/revisions\/7795"}],"wp:featuredmedia":[{"embeddable":true,"href":"https:\/\/www.lafresca.fm\/fresca-api-json\/wp\/v2\/media\/7793"}],"wp:attachment":[{"href":"https:\/\/www.lafresca.fm\/fresca-api-json\/wp\/v2\/media?parent=7792"}],"wp:term":[{"taxonomy":"category","embeddable":true,"href":"https:\/\/www.lafresca.fm\/fresca-api-json\/wp\/v2\/categories?post=7792"},{"taxonomy":"post_tag","embeddable":true,"href":"https:\/\/www.lafresca.fm\/fresca-api-json\/wp\/v2\/tags?post=7792"}],"curies":[{"name":"wp","href":"https:\/\/api.w.org\/{rel}","templated":true}]}}