{"id":7796,"date":"2023-01-12T15:28:33","date_gmt":"2023-01-12T14:28:33","guid":{"rendered":"https:\/\/www.lafresca.fm\/?p=7796"},"modified":"2023-01-12T15:31:39","modified_gmt":"2023-01-12T14:31:39","slug":"el-ibense-pablo-roelas-seleccionado-para-el-campeonato-de-la-union-mediterranea-sub-23-en-pista-cubierta","status":"publish","type":"post","link":"https:\/\/www.lafresca.fm\/el-ibense-pablo-roelas-seleccionado-para-el-campeonato-de-la-union-mediterranea-sub-23-en-pista-cubierta\/","title":{"rendered":"El Ibense Pablo Roelas seleccionado para el Campeonato de la Uni\u00f3n Mediterr\u00e1nea Sub-23 en Pista Cubierta"},"content":{"rendered":"\n<p>El pr\u00f3ximo domingo 22 de enero, el renovado\u00a0<strong>Palau Vel\u00f2drom Llu\u00eds Puig de Valencia<\/strong>\u00a0acoger\u00e1 la segunda edici\u00f3n del Campeonato de la Uni\u00f3n Mediterr\u00e1nea Sub23 en Pista Cubierta cuatro a\u00f1os despu\u00e9s de la inaugural, celebrada en Miramas (Francia) en 2019, en el que Pablo, ha sido seleccionado-.<\/p>\n\n\n\n<p>En el mes de febrero, Pablo participar\u00e1 tambi\u00e9n en el Campeonato de Espa\u00f1a Sub 23 a celebrar en Antequera en la modalidad de heptal\u00f3n, con la segunda mejor marca nacional y dos semanas despu\u00e9s en Campeonato de Espa\u00f1a Absoluto a celebrar en Madrid.<\/p>\n\n\n\n<p><br><img fetchpriority=\"high\" decoding=\"async\" width=\"400\" height=\"524\" src=\"https:\/\/www.rfea.es\/gifs\/fotos2023\/ESPatletismo_UnionMediterraneaPC.jpg\" alt=\"\"><\/p>\n\n\n\n<p>Espa\u00f1a vuelve a competir en casa. El pr\u00f3ximo domingo 22 de enero, el renovado\u00a0<strong>Palau Vel\u00f2drom Llu\u00eds Puig de Valencia<\/strong>\u00a0acoger\u00e1 la segunda edici\u00f3n del Campeonato de la Uni\u00f3n Mediterr\u00e1nea Sub23 en Pista Cubierta cuatro a\u00f1os despu\u00e9s de la inaugural, celebrada en Miramas (Francia) en 2019. En total,\u00a0<strong>25 atletas (14 mujeres y 11 hombres)<\/strong>\u00a0llevar\u00e1n la bandera de la #Pasi\u00f3nPorCompetir al coliseo valenciano, tras ser preseleccionados habiendo cumplido los criterios establecidos* por el seleccionador Jos\u00e9 Peir\u00f3 y la Direcci\u00f3n Deportiva de la RFEA.<br><br>Hasta seis vigentes campeones de Espa\u00f1a sub23 en pista cubierta estar\u00e1n presentes en Valencia. Algunos, como\u00a0<strong>Luc\u00eda Carrillo<\/strong>\u00a0(60 m) y\u00a0<strong>Marina Mart\u00ednez<\/strong>\u00a0(1500 m, aunque en este campeonato har\u00e1 800 m), han rayado a buen nivel con #Espa\u00f1aAtletismo en categor\u00eda absoluta. Los cuatro restantes son\u00a0<strong>David Carranza<\/strong>\u00a0(800 m),\u00a0<strong>Mohamed Attaoui<\/strong>\u00a0(1500 m),\u00a0<strong>Tessy Ebosele<\/strong>\u00a0(triple, pero saltar\u00e1 longitud) y\u00a0<strong>Andr\u00e9 M\u00fcller<\/strong>\u00a0(peso). Adem\u00e1s, dos campeones nacionales sub23 en 2021 apuran su \u00faltimo a\u00f1o en la categor\u00eda en este campeonato:\u00a0<strong>Mar\u00eda Gonz\u00e1lez<\/strong>\u00a0(1500 m) y\u00a0<strong>Miguel G\u00f3mez\u00a0<\/strong>(peso).<br><br>Tambi\u00e9n defender\u00e1n la camiseta de #Espa\u00f1aAtletismo en Valencia cuatro vigentes campeonas de Espa\u00f1a sub20 bajo techo. Tres de ellas &#8211;\u00a0<strong>Elena Guiu<\/strong>\u00a0(60 m),\u00a0<strong>Berta Segura<\/strong>\u00a0(400 m) y\u00a0<strong>Evelyn Yankey<\/strong>\u00a0(longitud) &#8211; sobresalieron al aire libre, alcanzando puestos de finalista en el Mundial Sub20 de Cali. La cuarta es Clara Fern\u00e1ndez, bicampeona de Espa\u00f1a sub20 de p\u00e9rtiga en pista cubierta, que estuvo en Colombia aunque no lleg\u00f3 a la final.<br><br>Adem\u00e1s, la preselecci\u00f3n de #Espa\u00f1aAtletismo incluye a otras dos finalistas mundiales sub20 como\u00a0<strong>Paula Blanquer<\/strong>\u00a0(60 m vallas) y\u00a0<strong>Mireya Arnedillo<\/strong>\u00a0(1500 m), que adem\u00e1s es plusmarquista nacional en su prueba.\u00a0<strong>Markel Fern\u00e1ndez<\/strong>\u00a0(400 m) tambi\u00e9n consigui\u00f3 plaza de finalista y r\u00e9cord de Espa\u00f1a en Cali, pero en el 4&#215;400 m.<br><br>Completan un equipo de plenas garant\u00edas\u00a0<strong>Jos\u00e9 Luis Jim\u00e9nez<\/strong>\u00a0y\u00a0<strong>Guillem Cresp\u00ed<\/strong>\u00a0(60 m);\u00a0<strong>Ibai Serrano<\/strong>\u00a0y\u00a0<strong>Ana Garitaonandia<\/strong>\u00a0(400 m);\u00a0<strong>David Barroso<\/strong>\u00a0y\u00a0<strong>Ghaita El Jarraz<\/strong>\u00a0(800 m);\u00a0<strong>Mario Revenga<\/strong>,\u00a0<strong>Pablo Roelas<\/strong>\u00a0y\u00a0<strong>Laura San Juan<\/strong>\u00a0(60 m vallas); y\u00a0<strong>Ana Mar\u00eda Chac\u00f3n<\/strong>\u00a0(p\u00e9rtiga).<br><br>En la anterior edici\u00f3n, Miramas 2019, #Espa\u00f1aAtletismo sald\u00f3 su participaci\u00f3n con ocho medallas, cuatro de ellas de oro conquistadas por atletas que posteriormente han hecho gala de la #Pasi\u00f3nPorCompetir en categor\u00eda absoluta: Adri\u00e1n Ben, Paula Sevilla, Pablo S\u00e1nchez-Valladares y Celia Ant\u00f3n.<br><br>La preselecci\u00f3n completa es la siguiente:<br><br><strong>MUJERES<\/strong><br>60 m &#8211; Luc\u00eda Carrillo, Elena Guiu<br>400 m &#8211; Ana Garitaonandia, Berta Segura<br>800 m &#8211; Ghaita El Jarraz, Marina Mart\u00ednez<br>1500 m &#8211; Mireya Arnedillo, Mar\u00eda Gonz\u00e1lez<br>60 m vallas &#8211; Paula Blanquer, Laura San Juan<br>P\u00e9rtiga &#8211; Ana Mar\u00eda Chac\u00f3n, Clara Fern\u00e1ndez<br>Longitud &#8211; Tessy Ebosele, Evelyn Yankey<br><br><strong>HOMBRES<\/strong><br>60 m &#8211; Guillem Cresp\u00ed, Jos\u00e9 Luis Jim\u00e9nez<br>400 m &#8211; Markel Fern\u00e1ndez, Ibai Serrano<br>800 m &#8211; David Barroso, David Carranza<br>1500 m &#8211; Mohamed Attaoui<br>60 m vallas &#8211; Mario Revenga, Pablo Roelas<br>Peso &#8211; Miguel G\u00f3mez, Andr\u00e9 M\u00fcller<br><br><em>* Excepcionalmente, la Uni\u00f3n Mediterr\u00e1nea de Atletismo (UMA) podr\u00e1 admitir atletas y resultados hasta el 15 de enero, inclusive.<\/em><\/p>\n<script>function PlayerjsAsync(){} if(window[\"Playerjs\"]){PlayerjsAsync();}<\/script>","protected":false},"excerpt":{"rendered":"<p>El domingo 22 de enero, el renovado\u00a0Palau Vel\u00f2drom Llu\u00eds Puig de Valencia\u00a0acoger\u00e1 la segunda edici\u00f3n del Campeonato de la Uni\u00f3n Mediterr\u00e1nea Sub23<\/p>\n","protected":false},"author":2,"featured_media":7799,"comment_status":"closed","ping_status":"closed","sticky":false,"template":"","format":"standard","meta":{"_monsterinsights_skip_tracking":false,"_monsterinsights_sitenote_active":false,"_monsterinsights_sitenote_note":"","_monsterinsights_sitenote_category":0,"footnotes":""},"categories":[4],"tags":[139,128,272],"class_list":["post-7796","post","type-post","status-publish","format-standard","has-post-thumbnail","hentry","category-alicante","tag-atletismo","tag-ibi","tag-pablo-roelas"],"aioseo_notices":[],"_links":{"self":[{"href":"https:\/\/www.lafresca.fm\/fresca-api-json\/wp\/v2\/posts\/7796","targetHints":{"allow":["GET"]}}],"collection":[{"href":"https:\/\/www.lafresca.fm\/fresca-api-json\/wp\/v2\/posts"}],"about":[{"href":"https:\/\/www.lafresca.fm\/fresca-api-json\/wp\/v2\/types\/post"}],"author":[{"embeddable":true,"href":"https:\/\/www.lafresca.fm\/fresca-api-json\/wp\/v2\/users\/2"}],"replies":[{"embeddable":true,"href":"https:\/\/www.lafresca.fm\/fresca-api-json\/wp\/v2\/comments?post=7796"}],"version-history":[{"count":1,"href":"https:\/\/www.lafresca.fm\/fresca-api-json\/wp\/v2\/posts\/7796\/revisions"}],"predecessor-version":[{"id":7798,"href":"https:\/\/www.lafresca.fm\/fresca-api-json\/wp\/v2\/posts\/7796\/revisions\/7798"}],"wp:featuredmedia":[{"embeddable":true,"href":"https:\/\/www.lafresca.fm\/fresca-api-json\/wp\/v2\/media\/7799"}],"wp:attachment":[{"href":"https:\/\/www.lafresca.fm\/fresca-api-json\/wp\/v2\/media?parent=7796"}],"wp:term":[{"taxonomy":"category","embeddable":true,"href":"https:\/\/www.lafresca.fm\/fresca-api-json\/wp\/v2\/categories?post=7796"},{"taxonomy":"post_tag","embeddable":true,"href":"https:\/\/www.lafresca.fm\/fresca-api-json\/wp\/v2\/tags?post=7796"}],"curies":[{"name":"wp","href":"https:\/\/api.w.org\/{rel}","templated":true}]}}