{"id":7801,"date":"2023-01-13T15:09:31","date_gmt":"2023-01-13T14:09:31","guid":{"rendered":"https:\/\/www.lafresca.fm\/?p=7801"},"modified":"2023-01-13T15:09:33","modified_gmt":"2023-01-13T14:09:33","slug":"ibi-presenta-el-programa-de-impulso-del-empleo-joven-organizado-por-el-ayuntamiento-y-la-eoi","status":"publish","type":"post","link":"https:\/\/www.lafresca.fm\/ibi-presenta-el-programa-de-impulso-del-empleo-joven-organizado-por-el-ayuntamiento-y-la-eoi\/","title":{"rendered":"Ibi presenta el Programa de Impulso del Empleo Joven organizado por el Ayuntamiento y la EOI"},"content":{"rendered":"\n<p>El Ayuntamiento de Ibi lanza este 2023 el Programa de Impulso del Empleo Joven organizado junto a la EOI. Se trata de un plan de formaci\u00f3n dirigida a j\u00f3venes menores de 30 a\u00f1os, inscritos en Garant\u00eda Juvenil, dirigido a la formaci\u00f3n en materias muy variadas y de diferentes niveles y especialidades, entre las que destacan aquellas con un marcado ADN en digitalizaci\u00f3n, con el objetivo de impulsar la digitalizaci\u00f3n del talento local en Ibi.<\/p>\n\n\n\n<p>Cada uno de los cursos tendr\u00e1 una duraci\u00f3n y unas caracter\u00edsticas propias, en formato online, y est\u00e1n subvencionados por el consistorio y la EOI, en cuya web se podr\u00e1 encontrar toda la informaci\u00f3n sobre los cursos de: \u201cWordPress especializado en Ecommerce y Marketing Online\u201d, \u201cCurso de Orientador\/a Laboral para Colectivos en Vulnerabilidad Social\u201d, \u201cCurso de Gesti\u00f3n Comercial: Impulsa tus Habilidades Comerciales On y Offline\u201d y \u201cCurso de Iniciaci\u00f3n a la Programaci\u00f3n\u201d.<\/p>\n\n\n\n<p>Est\u00e1 abierto el plazo de inscripci\u00f3n y la fecha de inicio de los cursos se confirmar\u00e1 en cuanto se realice dicha inscripci\u00f3n. Desde el consistorio se anima a todos los y las j\u00f3venes a aprovechar estas oportunidades de formaci\u00f3n que se presentan y que son de gran inter\u00e9s para su futuro profesional.<\/p>\n\n\n\n<figure class=\"wp-block-image size-full\"><img fetchpriority=\"high\" decoding=\"async\" width=\"888\" height=\"710\" src=\"https:\/\/www.lafresca.fm\/f-solosog\/2023\/01\/EOI.jpg\" alt=\"\" class=\"wp-image-7802\" srcset=\"https:\/\/www.lafresca.fm\/f-solosog\/2023\/01\/EOI.jpg 888w, https:\/\/www.lafresca.fm\/f-solosog\/2023\/01\/EOI-770x616.jpg 770w, https:\/\/www.lafresca.fm\/f-solosog\/2023\/01\/EOI-768x614.jpg 768w\" sizes=\"(max-width: 888px) 100vw, 888px\" \/><\/figure>\n<script>function PlayerjsAsync(){} if(window[\"Playerjs\"]){PlayerjsAsync();}<\/script>","protected":false},"excerpt":{"rendered":"<p>El Ayuntamiento de Ibi lanza este 2023 el Programa de Impulso del Empleo Joven organizado junto a la EOI. Se trata de un plan de formaci\u00f3n dirigida a j\u00f3venes menores de 30 a\u00f1os, inscritos en Garant\u00eda Juvenil, dirigido a la formaci\u00f3n en materias muy variadas y de diferentes niveles y ...<\/p>\n","protected":false},"author":2,"featured_media":7802,"comment_status":"closed","ping_status":"closed","sticky":false,"template":"","format":"standard","meta":{"_monsterinsights_skip_tracking":false,"_monsterinsights_sitenote_active":false,"_monsterinsights_sitenote_note":"","_monsterinsights_sitenote_category":0,"footnotes":""},"categories":[4],"tags":[128],"class_list":["post-7801","post","type-post","status-publish","format-standard","has-post-thumbnail","hentry","category-alicante","tag-ibi"],"aioseo_notices":[],"_links":{"self":[{"href":"https:\/\/www.lafresca.fm\/fresca-api-json\/wp\/v2\/posts\/7801","targetHints":{"allow":["GET"]}}],"collection":[{"href":"https:\/\/www.lafresca.fm\/fresca-api-json\/wp\/v2\/posts"}],"about":[{"href":"https:\/\/www.lafresca.fm\/fresca-api-json\/wp\/v2\/types\/post"}],"author":[{"embeddable":true,"href":"https:\/\/www.lafresca.fm\/fresca-api-json\/wp\/v2\/users\/2"}],"replies":[{"embeddable":true,"href":"https:\/\/www.lafresca.fm\/fresca-api-json\/wp\/v2\/comments?post=7801"}],"version-history":[{"count":1,"href":"https:\/\/www.lafresca.fm\/fresca-api-json\/wp\/v2\/posts\/7801\/revisions"}],"predecessor-version":[{"id":7803,"href":"https:\/\/www.lafresca.fm\/fresca-api-json\/wp\/v2\/posts\/7801\/revisions\/7803"}],"wp:featuredmedia":[{"embeddable":true,"href":"https:\/\/www.lafresca.fm\/fresca-api-json\/wp\/v2\/media\/7802"}],"wp:attachment":[{"href":"https:\/\/www.lafresca.fm\/fresca-api-json\/wp\/v2\/media?parent=7801"}],"wp:term":[{"taxonomy":"category","embeddable":true,"href":"https:\/\/www.lafresca.fm\/fresca-api-json\/wp\/v2\/categories?post=7801"},{"taxonomy":"post_tag","embeddable":true,"href":"https:\/\/www.lafresca.fm\/fresca-api-json\/wp\/v2\/tags?post=7801"}],"curies":[{"name":"wp","href":"https:\/\/api.w.org\/{rel}","templated":true}]}}