{"id":7840,"date":"2023-01-18T16:51:05","date_gmt":"2023-01-18T15:51:05","guid":{"rendered":"https:\/\/www.lafresca.fm\/?p=7840"},"modified":"2023-01-18T16:51:07","modified_gmt":"2023-01-18T15:51:07","slug":"fitur-2023-abre-sus-puertas-y-alli-se-encuentra-la-foia-de-castalla-para-exponer-todo-su-potencial-turistico","status":"publish","type":"post","link":"https:\/\/www.lafresca.fm\/fitur-2023-abre-sus-puertas-y-alli-se-encuentra-la-foia-de-castalla-para-exponer-todo-su-potencial-turistico\/","title":{"rendered":"Fitur 2023 abre sus puertas y all\u00ed se encuentra la Foia de Castalla para exponer todo su potencial tur\u00edstico"},"content":{"rendered":"\n<p>La jornada inaugural de FITUR 2023 ha arrancado en el stand del Patronato Costa Blanca con la presentaci\u00f3n de los nuevos proyectos tur\u00edsticos de los consistorios de la provincia. El Ayuntamiento de Villena ha sido el encargado de abrir la bater\u00eda de ruedas de prensa, dando a conocer su plan estrat\u00e9gico y de marketing para este a\u00f1o, centrado en la tradici\u00f3n, la innovaci\u00f3n y la accesibilidad, entre otros aspectos, mientras que Santa Pola ha pormenorizado los detalles de su gu\u00eda de recursos accesibles.<\/p>\n\n\n\n<p>Por su parte, Teulada-Moraira ha expuesto su cat\u00e1logo tem\u00e1tico de playas y ocio n\u00e1utico, con el que pretende difundir las actividades y experiencias que el visitante puede realizar en la localidad, mientras que L\u2019Orxa ha explicado los detalles de la propuesta Erasmus Plus con la que pretende dinamizar, afrontar el reto demogr\u00e1fico y dar vida al municipio.<\/p>\n\n\n\n<p>Finalmente, X\u00e0bia ha dado a conocer su nueva marca vinculada a la cultura \u2018X\u00e0bia en viu\u2019 que aglutina los numerosos festivales musicales que se celebrar\u00e1n en la poblaci\u00f3n a lo largo de este 2023 y que abarcan estilos como el folk, el jazz, el rock o la percusi\u00f3n, entre otros.<\/p>\n\n\n\n<figure class=\"wp-block-image size-full\"><img fetchpriority=\"high\" decoding=\"async\" width=\"960\" height=\"540\" src=\"https:\/\/www.lafresca.fm\/f-solosog\/2023\/01\/ssss2023011812422270623.jpg\" alt=\"\" class=\"wp-image-7841\" srcset=\"https:\/\/www.lafresca.fm\/f-solosog\/2023\/01\/ssss2023011812422270623.jpg 960w, https:\/\/www.lafresca.fm\/f-solosog\/2023\/01\/ssss2023011812422270623-770x433.jpg 770w, https:\/\/www.lafresca.fm\/f-solosog\/2023\/01\/ssss2023011812422270623-768x432.jpg 768w\" sizes=\"(max-width: 960px) 100vw, 960px\" \/><\/figure>\n\n\n\n<p>La actividad en el espacio del Patronato Costa Blanca ha continuado con la proyecci\u00f3n de los v\u00eddeos experienciales y spots de promoci\u00f3n tur\u00edstica de Altea, El Campello, Almorad\u00ed, Xixona, Bolulla, Torrevieja y Algue\u00f1a. Con estos trabajos audiovisuales, considerados como una importante herramienta de comunicaci\u00f3n y marketing, los consistorios pretenden incrementar el flujo de visitantes hacia sus destinos, difundir los atractivos de sus localidades e impulsar la desestacionalizaci\u00f3n.<\/p>\n\n\n\n<p>Adem\u00e1s, La Nuc\u00eda ha anunciado sus dos grandes proyectos deportivos para este 2023, que contemplan la construcci\u00f3n de cuatro nuevos campos de f\u00fatbol y la creaci\u00f3n de una wavegarden (piscina de olas) \u00fanico en Espa\u00f1a, y Torrevieja ha realizado un repaso por el extenso calendario de eventos gastron\u00f3micos que acoger\u00e1 la localidad y que incluye la celebraci\u00f3n de la tercera edici\u00f3n de \u2018Croquetas al gusto\u2019, del VIII Festival Gastrodocumental de la Vega Baja \u2018Gastrovegabaja\u2019 o del International Tapas Day.<\/p>\n\n\n\n<p>La innovaci\u00f3n y el uso de las nuevas tecnolog\u00edas ha centrado el siguiente bloque de presentaciones de la ma\u00f1ana. As\u00ed, Teulada-Moraira ha compartido los detalles del proyecto \u2018Teulada-Moraira Virtual\u2019, una experiencia en tres dimensiones que traslada, tanto a visitantes como a vecinos, a los rincones m\u00e1s espectaculares de la localidad, permiti\u00e9ndoles desde volar sobre los acantilados y playas del municipio hasta caminar por su casco antiguo y monumentos, as\u00ed como su nueva app tur\u00edstica.<\/p>\n\n\n\n<p>Adem\u00e1s, Santa Pola y Los Montesinos han presentado los trabajos \u2018Santa Pola a vista de P\u00e1jaro\u2019, un mirador virtual del municipio con im\u00e1genes de alta resoluci\u00f3n, y \u2018Los Montesinos a vista de p\u00e1jaro\u2019, con el que el consistorio quiere poner en valor las aves que se pueden observar en la red de senderos que inauguraron en 2020 con 13 itinerarios.<\/p>\n\n\n\n<p>La Tourist Info de Finestrat, un espacio inmersivo con contenidos interactivos y tecnolog\u00eda de vanguardia, y la aplicaci\u00f3n de realidad aumentada \u2018Elda AR\u2019, que incluye una recreaci\u00f3n en tres dimensiones del Castillo-Palacio de la localidad y que permite al visitante recorrer la ciudad accediendo a puntos de informaci\u00f3n concretos, rutas y contenidos multimedia con im\u00e1genes, v\u00eddeos o visitas en 360\u00ba, han sido otras de las propuestas que se han dado a conocer esta ma\u00f1ana.<\/p>\n\n\n\n<p>La provincia de Alicante es una joya gastron\u00f3mica que cuenta con un amplio abanico de productos aut\u00f3ctonos que destacan por su exquisito sabor y excelente calidad y con un gran elenco de restauradores que nos sorprenden a diario con sus extraordinarias elaboraciones.<\/p>\n\n\n\n<p>Con el objetivo de potenciar toda la riqueza culinaria del territorio, el stand del Patronato Costa Blanca ha acogido hoy diversos showcookings protagonizados por Sant Joan d\u2019Alacant -Restaurante Santa Luzia-, Santa Pola -Restaurante Varadero-, Torrevieja \u2013Restaurante Las Ca\u00f1as, a trav\u00e9s de la Asociaci\u00f3n de Empresas de Hosteler\u00eda de Torrevieja y Comarca-, Castalla -Restaurante Nou Trinquet-, Pego -Asociaci\u00f3n de Hosteler\u00eda de Pego-, Onil -Bar Avenida Casa Pili-, y Els Poblets -Restaurante S\u00e1mar-, quienes han ofrecido degustaciones de platos tradicionales como los gazpachos, el arroz o la coca escaldada, entre otros.<\/p>\n\n\n\n<p>La tarde continuar\u00e1 con las presentaciones de otros productos y proyectos relacionados con la marca \u2018Made in Costa Blanca\u2019, centrada en la riqueza industrial y los procesos productivos de la provincia, el turismo cinematogr\u00e1fico o la comarca de la Vega Baja.<\/p>\n<script>function PlayerjsAsync(){} if(window[\"Playerjs\"]){PlayerjsAsync();}<\/script>","protected":false},"excerpt":{"rendered":"<p>La jornada inaugural de FITUR 2023 ha arrancado en el stand del Patronato Costa Blanca con la presentaci\u00f3n de los nuevos proyectos tur\u00edsticos de los consistorios de la provincia. El Ayuntamiento de Villena ha sido el encargado de abrir la bater\u00eda de ruedas de prensa, dando a conocer su plan ...<\/p>\n","protected":false},"author":2,"featured_media":7841,"comment_status":"closed","ping_status":"closed","sticky":false,"template":"","format":"standard","meta":{"_monsterinsights_skip_tracking":false,"_monsterinsights_sitenote_active":false,"_monsterinsights_sitenote_note":"","_monsterinsights_sitenote_category":0,"footnotes":""},"categories":[4],"tags":[],"class_list":["post-7840","post","type-post","status-publish","format-standard","has-post-thumbnail","hentry","category-alicante"],"aioseo_notices":[],"_links":{"self":[{"href":"https:\/\/www.lafresca.fm\/fresca-api-json\/wp\/v2\/posts\/7840","targetHints":{"allow":["GET"]}}],"collection":[{"href":"https:\/\/www.lafresca.fm\/fresca-api-json\/wp\/v2\/posts"}],"about":[{"href":"https:\/\/www.lafresca.fm\/fresca-api-json\/wp\/v2\/types\/post"}],"author":[{"embeddable":true,"href":"https:\/\/www.lafresca.fm\/fresca-api-json\/wp\/v2\/users\/2"}],"replies":[{"embeddable":true,"href":"https:\/\/www.lafresca.fm\/fresca-api-json\/wp\/v2\/comments?post=7840"}],"version-history":[{"count":1,"href":"https:\/\/www.lafresca.fm\/fresca-api-json\/wp\/v2\/posts\/7840\/revisions"}],"predecessor-version":[{"id":7842,"href":"https:\/\/www.lafresca.fm\/fresca-api-json\/wp\/v2\/posts\/7840\/revisions\/7842"}],"wp:featuredmedia":[{"embeddable":true,"href":"https:\/\/www.lafresca.fm\/fresca-api-json\/wp\/v2\/media\/7841"}],"wp:attachment":[{"href":"https:\/\/www.lafresca.fm\/fresca-api-json\/wp\/v2\/media?parent=7840"}],"wp:term":[{"taxonomy":"category","embeddable":true,"href":"https:\/\/www.lafresca.fm\/fresca-api-json\/wp\/v2\/categories?post=7840"},{"taxonomy":"post_tag","embeddable":true,"href":"https:\/\/www.lafresca.fm\/fresca-api-json\/wp\/v2\/tags?post=7840"}],"curies":[{"name":"wp","href":"https:\/\/api.w.org\/{rel}","templated":true}]}}