{"id":7847,"date":"2023-01-19T16:04:32","date_gmt":"2023-01-19T15:04:32","guid":{"rendered":"https:\/\/www.lafresca.fm\/?p=7847"},"modified":"2023-01-19T16:26:39","modified_gmt":"2023-01-19T15:26:39","slug":"la-costa-blanca-sorprende-al-mundo-con-una-etapa-perfecta-de-la-vuelta-2023-entre-denia-y-xorret-de-cati","status":"publish","type":"post","link":"https:\/\/www.lafresca.fm\/la-costa-blanca-sorprende-al-mundo-con-una-etapa-perfecta-de-la-vuelta-2023-entre-denia-y-xorret-de-cati\/","title":{"rendered":"La Costa Blanca sorprende al mundo con una etapa perfecta de La Vuelta 2023 entre D\u00e9nia y Xorret de Cat\u00ed"},"content":{"rendered":"\n<p>La Costa Blanca volver\u00e1 este a\u00f1o a tener una presencia destacada en La Vuelta Ciclista a Espa\u00f1a. La provincia de Alicante acoger\u00e1 el s\u00e1bado 2 de septiembre una dura jornada de monta\u00f1a que arrancar\u00e1 en la ciudad costera de D\u00e9nia y culminar\u00e1 en el entorno natural de Xorret de Cat\u00ed, en Castalla.<\/p>\n\n\n\n<p>El presidente de la Diputaci\u00f3n, Carlos Maz\u00f3n, ha dado a conocer esta ma\u00f1ana, en el marco de la Feria Internacional de Turismo de Madrid, el recorrido oficial de esta exigente etapa de 164,8 kil\u00f3metros que cuenta con cinco puertos de monta\u00f1a, uno de tercera categor\u00eda, tres de segunda y uno de primera. El acto ha contado tambi\u00e9n con la intervenci\u00f3n del director general de UNIPUBLIC, Javier Guill\u00e9n, as\u00ed como con la de los alcaldes de D\u00e9nia y Castalla, Vicent Grimalt y Antonio Bernabeu, respectivamente.<\/p>\n\n\n\n<p>\u201cSi hay una forma de explicar claramente que la provincia de Alicante es costa e interior es exactamente con esta etapa que lo tiene todo para ser perfecta\u201d, ha se\u00f1alado el presidente, quien ha a\u00f1adido que \u201cesta jornada nos permitir\u00e1 difundir nuestra riqueza en todo el mundo y, adem\u00e1s, generar un importante impacto econ\u00f3mico en nuestros municipios, ya que la caravana de La Vuelta est\u00e1 integrada por m\u00e1s de 3.000 personas que est\u00e1 previsto que ejerzan un gasto superior a los 300.000 euros por noche\u201d.<\/p>\n\n\n\n<p>\u201cAdem\u00e1s, este evento conjuga justicia, ya que tambi\u00e9n discurrir\u00e1 por los municipios afectados por el dram\u00e1tico incendio declarado el pasado verano en el norte de nuestra provincia. Es un ejemplo de nuestra gran apuesta por la dinamizaci\u00f3n del turismo de interior, con el \u2018Plan Director Xorret de Cat\u00ed. Costa Blanca Interior\u2019, que nos ayuda a promocionar uno de los deportes m\u00e1s queridos de nuestra tierra y que cada vez aglutina un mayor n\u00famero de seguidores y aficionados. En pocos destinos se encuentra el ciclismo tan c\u00f3modo como en la Costa Blanca\u201d, ha apuntado el responsable institucional.<\/p>\n\n\n\n<figure class=\"wp-block-image size-large\"><img fetchpriority=\"high\" decoding=\"async\" width=\"1170\" height=\"801\" src=\"https:\/\/www.lafresca.fm\/f-solosog\/2023\/01\/237430A4-25D9-4918-A3DF-7F9BD571E20A-1-1170x801.jpeg\" alt=\"\" class=\"wp-image-7848\" srcset=\"https:\/\/www.lafresca.fm\/f-solosog\/2023\/01\/237430A4-25D9-4918-A3DF-7F9BD571E20A-1-1170x801.jpeg 1170w, https:\/\/www.lafresca.fm\/f-solosog\/2023\/01\/237430A4-25D9-4918-A3DF-7F9BD571E20A-1-770x527.jpeg 770w, https:\/\/www.lafresca.fm\/f-solosog\/2023\/01\/237430A4-25D9-4918-A3DF-7F9BD571E20A-1-768x526.jpeg 768w, https:\/\/www.lafresca.fm\/f-solosog\/2023\/01\/237430A4-25D9-4918-A3DF-7F9BD571E20A-1.jpeg 1280w\" sizes=\"(max-width: 1170px) 100vw, 1170px\" \/><\/figure>\n\n\n\n<p>Por su parte, Javier Guill\u00e9n ha agradecido a la Diputaci\u00f3n de Alicante \u201cque el ciclismo sea uno de los veh\u00edculos que eleg\u00eds a\u00f1o tras a\u00f1o para que la<\/p>\n\n\n\n<p>provincia de Alicante llegue a todo el mundo\u201d y ha explicado que La Vuelta \u201ces una plataforma de comunicaci\u00f3n que a trav\u00e9s del esfuerzo de los ciclistas y del inter\u00e9s que genera congrega much\u00edsima audiencia a la que podemos hacer llegar mensajes, no solo deportivos sino tambi\u00e9n paisaj\u00edsticos o culturales\u201d.<\/p>\n\n\n\n<figure class=\"wp-block-image size-large\"><img decoding=\"async\" width=\"1170\" height=\"986\" src=\"https:\/\/www.lafresca.fm\/f-solosog\/2023\/01\/325367037_686214286528780_4748599241403380289_n-1170x986.jpg\" alt=\"\" class=\"wp-image-7851\" srcset=\"https:\/\/www.lafresca.fm\/f-solosog\/2023\/01\/325367037_686214286528780_4748599241403380289_n-1170x986.jpg 1170w, https:\/\/www.lafresca.fm\/f-solosog\/2023\/01\/325367037_686214286528780_4748599241403380289_n-770x649.jpg 770w, https:\/\/www.lafresca.fm\/f-solosog\/2023\/01\/325367037_686214286528780_4748599241403380289_n-768x647.jpg 768w, https:\/\/www.lafresca.fm\/f-solosog\/2023\/01\/325367037_686214286528780_4748599241403380289_n-1536x1295.jpg 1536w, https:\/\/www.lafresca.fm\/f-solosog\/2023\/01\/325367037_686214286528780_4748599241403380289_n.jpg 2048w\" sizes=\"(max-width: 1170px) 100vw, 1170px\" \/><\/figure>\n\n\n\n<p>\u201cSomos de los pocos deportes cuyo escenario es la v\u00eda p\u00fablica y en el que cada d\u00eda podemos elegir un espacio nuevo. En este sentido, podemos afirmar que para la etapa alicantina hemos dise\u00f1ado un trazado que, desde el punto de vista ciclista y tambi\u00e9n tur\u00edstico es muy completo\u201d, ha asegurado.<\/p>\n\n\n\n<p>La octava etapa de La Vuelta partir\u00e1 el s\u00e1bado 2 de septiembre desde la ciudad de D\u00e9nia, junto al mar Mediterr\u00e1neo, y culminar\u00e1 en el alto de Xorret de Cat\u00ed, en Castalla, un exigente puerto de monta\u00f1a que se ha convertido en un cl\u00e1sico de la ronda espa\u00f1ola por la dureza y exigencia de su ascenso.<\/p>\n\n\n\n<p>En este punto, los alcaldes de ambas localidades han agradecido la apuesta de la Diputaci\u00f3n de Alicante y de la organizaci\u00f3n por sus municipios ya que, seg\u00fan han manifestado, este es un evento \u00fanico que lleva asociada una importante repercusi\u00f3n tur\u00edstica, econ\u00f3mica y deportiva.<\/p>\n\n\n\n<p>La 78\u00aa edici\u00f3n de la Vuelta Ciclista a Espa\u00f1a arrancar\u00e1 el s\u00e1bado 26 de agosto desde Barcelona y finalizar\u00e1 el domingo 17 de septiembre con el tradicional circuito por el Paseo del Prado y la Cibeles, en Madrid. El resto de las etapas se presentar\u00e1n de forma oficial el martes 10 de enero en la ciudad condal.<\/p>\n\n\n\n<p>Finalmente, el presidente ha avanzado que muy pronto \u201cpodremos anunciar la celebraci\u00f3n de la primera edici\u00f3n de la Vuelta Ciclista a Espa\u00f1a Femenina\u201d<\/p>\n<script>function PlayerjsAsync(){} if(window[\"Playerjs\"]){PlayerjsAsync();}<\/script>","protected":false},"excerpt":{"rendered":"<p>La Costa Blanca volver\u00e1 este a\u00f1o a tener una presencia destacada en La Vuelta Ciclista a Espa\u00f1a<\/p>\n","protected":false},"author":2,"featured_media":7851,"comment_status":"closed","ping_status":"closed","sticky":false,"template":"","format":"standard","meta":{"_monsterinsights_skip_tracking":false,"_monsterinsights_sitenote_active":false,"_monsterinsights_sitenote_note":"","_monsterinsights_sitenote_category":0,"footnotes":""},"categories":[4],"tags":[],"class_list":["post-7847","post","type-post","status-publish","format-standard","has-post-thumbnail","hentry","category-alicante"],"aioseo_notices":[],"_links":{"self":[{"href":"https:\/\/www.lafresca.fm\/fresca-api-json\/wp\/v2\/posts\/7847","targetHints":{"allow":["GET"]}}],"collection":[{"href":"https:\/\/www.lafresca.fm\/fresca-api-json\/wp\/v2\/posts"}],"about":[{"href":"https:\/\/www.lafresca.fm\/fresca-api-json\/wp\/v2\/types\/post"}],"author":[{"embeddable":true,"href":"https:\/\/www.lafresca.fm\/fresca-api-json\/wp\/v2\/users\/2"}],"replies":[{"embeddable":true,"href":"https:\/\/www.lafresca.fm\/fresca-api-json\/wp\/v2\/comments?post=7847"}],"version-history":[{"count":3,"href":"https:\/\/www.lafresca.fm\/fresca-api-json\/wp\/v2\/posts\/7847\/revisions"}],"predecessor-version":[{"id":7853,"href":"https:\/\/www.lafresca.fm\/fresca-api-json\/wp\/v2\/posts\/7847\/revisions\/7853"}],"wp:featuredmedia":[{"embeddable":true,"href":"https:\/\/www.lafresca.fm\/fresca-api-json\/wp\/v2\/media\/7851"}],"wp:attachment":[{"href":"https:\/\/www.lafresca.fm\/fresca-api-json\/wp\/v2\/media?parent=7847"}],"wp:term":[{"taxonomy":"category","embeddable":true,"href":"https:\/\/www.lafresca.fm\/fresca-api-json\/wp\/v2\/categories?post=7847"},{"taxonomy":"post_tag","embeddable":true,"href":"https:\/\/www.lafresca.fm\/fresca-api-json\/wp\/v2\/tags?post=7847"}],"curies":[{"name":"wp","href":"https:\/\/api.w.org\/{rel}","templated":true}]}}