{"id":7854,"date":"2023-01-23T10:51:34","date_gmt":"2023-01-23T09:51:34","guid":{"rendered":"https:\/\/www.lafresca.fm\/?p=7854"},"modified":"2023-01-23T10:51:36","modified_gmt":"2023-01-23T09:51:36","slug":"castalla-contrata-a-personal-cualificado-para-poder-captar-y-gestionar-fondos-europeos-durante-un-ano","status":"publish","type":"post","link":"https:\/\/www.lafresca.fm\/castalla-contrata-a-personal-cualificado-para-poder-captar-y-gestionar-fondos-europeos-durante-un-ano\/","title":{"rendered":"Castalla contrata a personal cualificado para poder captar y gestionar fondos europeos durante un a\u00f1o"},"content":{"rendered":"\n<p>La incorporaci\u00f3n es gracias a una subvenci\u00f3n de 33.261,54 euros de la Generalitat Valenciana a trav\u00e9s del LABORA, en el marco del Plan de Recuperaci\u00f3n, Transformaci\u00f3n y Resiliencia<\/p>\n\n\n\n<p>El Ayuntamiento de Castalla ha contratado a un personal t\u00e9cnico para captar y gestionar fondos europeos. La incorporaci\u00f3n se ha realizado gracias a una subvenci\u00f3n de 33.261,54 euros de la Generalitat Valenciana a trav\u00e9s del LABORA, en el marco del Plan de Recuperaci\u00f3n, Transformaci\u00f3n y Resiliencia. El contrato tiene una duraci\u00f3n de un a\u00f1o, con validez hasta el 31 de diciembre de 2023, y ayudar\u00e1 al Consistorio a beneficiarse del instrumento financiero Next Generation EU, que tiene como objetivo la recuperaci\u00f3n econ\u00f3mica sostenible de los pa\u00edses europeos y sus comunidades aut\u00f3nomas bajo par\u00e1metros de justicia social.<\/p>\n\n\n\n<p>En este sentido, la concejala de Hacienda, Gema S\u00e1nchez, ha destacado los m\u00faltiples beneficios de esta incorporaci\u00f3n. \u201cLa contrataci\u00f3n de este puesto especializado permite a Castalla acceder a importantes ayudas provenientes de Europa, tramitar las subvenciones y gestionar el dinero del que seamos beneficiarios, todo ello con el objetivo de acelerar la recuperaci\u00f3n econ\u00f3mica y fortalecer nuestro tejido empresarial\u201d. De acuerdo con la edil, \u201ca trav\u00e9s de los fondos europeos Next Generation y sus inversiones podremos impulsar proyectos necesarios para la mejora de nuestra localidad en m\u00faltiples \u00e1mbitos\u201d.<\/p>\n\n\n\n<p>En concreto, el Plan de Recuperaci\u00f3n, Transformaci\u00f3n y Resiliencia para Espa\u00f1a contempla actuaciones dentro de cuatro ejes: la transici\u00f3n ecol\u00f3gica, la transformaci\u00f3n digital, la cohesi\u00f3n social y territorial, y la igualdad de g\u00e9nero. A trav\u00e9s de estas directrices se trazan las l\u00edneas maestras que determinar\u00e1n la evoluci\u00f3n futura del pa\u00eds, despu\u00e9s del impacto de la crisis sanitaria, social y econ\u00f3mica generada por la pandemia de la Covid-19. Castalla ya trabaja en el proyecto de la Agenda Urbana, en el marco de la Agenda 2030, una iniciativa que se refuerza con esta contrataci\u00f3n.<\/p>\n\n\n\n<p>Gracias a la contrataci\u00f3n de estos perfiles t\u00e9cnicos, las entidades locales pueden conformar una red de nodos locales, formados por personas graduadas, que ser\u00e1n las encargadas de captar y gestionar los fondos europeos en el territorio. Este perfil t\u00e9cnico tambi\u00e9n se encargar\u00e1 de asesorar al tejido empresarial castellut para ayudarle a captar el mayor n\u00famero de fondos europeos. Se trata de una dedicaci\u00f3n que, por sus caracter\u00edsticas, requiere de unos determinados conocimientos y recursos de los que no todos los Ayuntamientos disponen en sus plantillas.<\/p>\n\n\n\n<p>Los Next Generation cuentan con fondos estructurales y competitivos. La concejala de Hacienda, Gema S\u00e1nchez, ha explicado que \u201cpara beneficiarse de este segundo tipo de ayudas, los fondos competitivos, es imprescindible disponer de equipos que permitan la mayor cantidad de financiaci\u00f3n posible, ya que los municipios compiten por ellos\u201d<\/p>\n<script>function PlayerjsAsync(){} if(window[\"Playerjs\"]){PlayerjsAsync();}<\/script>","protected":false},"excerpt":{"rendered":"<p>La incorporaci\u00f3n es gracias a una subvenci\u00f3n de 33.261,54 euros de la Generalitat<\/p>\n","protected":false},"author":2,"featured_media":7855,"comment_status":"closed","ping_status":"closed","sticky":false,"template":"","format":"standard","meta":{"_monsterinsights_skip_tracking":false,"_monsterinsights_sitenote_active":false,"_monsterinsights_sitenote_note":"","_monsterinsights_sitenote_category":0,"footnotes":""},"categories":[4],"tags":[144],"class_list":["post-7854","post","type-post","status-publish","format-standard","has-post-thumbnail","hentry","category-alicante","tag-castalla"],"aioseo_notices":[],"_links":{"self":[{"href":"https:\/\/www.lafresca.fm\/fresca-api-json\/wp\/v2\/posts\/7854","targetHints":{"allow":["GET"]}}],"collection":[{"href":"https:\/\/www.lafresca.fm\/fresca-api-json\/wp\/v2\/posts"}],"about":[{"href":"https:\/\/www.lafresca.fm\/fresca-api-json\/wp\/v2\/types\/post"}],"author":[{"embeddable":true,"href":"https:\/\/www.lafresca.fm\/fresca-api-json\/wp\/v2\/users\/2"}],"replies":[{"embeddable":true,"href":"https:\/\/www.lafresca.fm\/fresca-api-json\/wp\/v2\/comments?post=7854"}],"version-history":[{"count":1,"href":"https:\/\/www.lafresca.fm\/fresca-api-json\/wp\/v2\/posts\/7854\/revisions"}],"predecessor-version":[{"id":7856,"href":"https:\/\/www.lafresca.fm\/fresca-api-json\/wp\/v2\/posts\/7854\/revisions\/7856"}],"wp:featuredmedia":[{"embeddable":true,"href":"https:\/\/www.lafresca.fm\/fresca-api-json\/wp\/v2\/media\/7855"}],"wp:attachment":[{"href":"https:\/\/www.lafresca.fm\/fresca-api-json\/wp\/v2\/media?parent=7854"}],"wp:term":[{"taxonomy":"category","embeddable":true,"href":"https:\/\/www.lafresca.fm\/fresca-api-json\/wp\/v2\/categories?post=7854"},{"taxonomy":"post_tag","embeddable":true,"href":"https:\/\/www.lafresca.fm\/fresca-api-json\/wp\/v2\/tags?post=7854"}],"curies":[{"name":"wp","href":"https:\/\/api.w.org\/{rel}","templated":true}]}}