{"id":7881,"date":"2023-01-25T15:52:16","date_gmt":"2023-01-25T14:52:16","guid":{"rendered":"https:\/\/www.lafresca.fm\/?p=7881"},"modified":"2023-01-25T16:19:28","modified_gmt":"2023-01-25T15:19:28","slug":"actaio-organiza-un-foro-en-ibi-para-tratar-las-tendencias-el-futuro-del-trabajo-en-el-territorio","status":"publish","type":"post","link":"https:\/\/www.lafresca.fm\/actaio-organiza-un-foro-en-ibi-para-tratar-las-tendencias-el-futuro-del-trabajo-en-el-territorio\/","title":{"rendered":"Actaio organiza un Foro en Ibi para tratar las tendencias en el futuro del trabajo en el territorio."},"content":{"rendered":"\n<p>El Acuerdo Territorial para el empleo y el desarrollo local de Alcoi-Ibi-Ontinyent (ACTAIO) junto con el Ayuntamiento de Ibi han organizado un Foro&nbsp;<strong>\u201c<\/strong><strong>Futuro<\/strong><strong>del<\/strong><strong>Trabajo.<\/strong><strong>Tendencias\u201d<\/strong>, que se celebrar\u00e1 de forma presencial en el&nbsp;<strong>Centro<\/strong><strong>Cultural<\/strong><strong>Salvador<\/strong><strong>Mir\u00f3<\/strong><strong>de<\/strong><strong>Ibi<\/strong> (Avda. de la Industria, 5, 03440, Ibi) el mi\u00e9rcoles&nbsp;<strong>8 de febrero desde las 10\u00b430 h hasta las 18\u00b430 h<\/strong>, con el objetivo de que las personas que buscan trabajo, alumnado y familias, as\u00ed como<\/p>\n\n\n\n<p>cualquier interesado\/a en el tema, conozcan las tendencias de futuro de los trabajos que existen actualmente en el territorio.<\/p>\n\n\n\n<p>Para poder participar en esta jornada deber\u00e1 inscribirse en&nbsp;<a href=\"http:\/\/www.actaio.es\/es\/futuro-del-empleo-tendencias\/\">https:\/\/www.actaio.es\/es\/futuro-del-empleo-tendencias\/<\/a><\/p>\n\n\n\n<figure class=\"wp-block-image size-full\"><img fetchpriority=\"high\" decoding=\"async\" width=\"563\" height=\"796\" src=\"https:\/\/www.lafresca.fm\/f-solosog\/2023\/01\/Captura-3.png\" alt=\"\" class=\"wp-image-7882\" srcset=\"https:\/\/www.lafresca.fm\/f-solosog\/2023\/01\/Captura-3.png 563w, https:\/\/www.lafresca.fm\/f-solosog\/2023\/01\/Captura-3-545x770.png 545w\" sizes=\"(max-width: 563px) 100vw, 563px\" \/><\/figure>\n\n\n\n<p>El Foro se dividir\u00e1 en varias partes, por un lado, las personas asistentes podr\u00e1n disfrutar desde las 10\u00b430 h, hasta las 13\u00b430 h, de un espacio con varios stands donde diferentes empresas del territorio explicar\u00e1n las tendencias de futuro m\u00e1s relevantes de sus sectores, profesiones que se crear\u00e1n, otras que desaparecer\u00e1n, las que tendr\u00e1n m\u00e1s demanda y otros aspectos m\u00e1s. A las 11\u00b400 h se inaugurar\u00e1 el Foro oficialmente por el&nbsp;<strong>Alcalde<\/strong><strong>de<\/strong><strong>Ibi,<\/strong><strong>Rafael<\/strong><strong>Serralta<\/strong>, la&nbsp;<strong>Directora<\/strong><strong>del<\/strong><strong>Espai<\/strong><strong>Labora<\/strong><strong>Ibi,<\/strong><strong>Rita Llorca&nbsp;<\/strong>y el&nbsp;<strong>Director de IBIAE, H\u00e9ctor Torrente<\/strong>. Por otra parte, habr\u00e1 dos ponencias, la primera a las 12\u00b400 h, &#8220;Trabajos con tendencia positiva&#8221; impartida por&nbsp;<strong>Ricard<\/strong><strong>Guillem,<\/strong><strong>CaixabankDualiza&nbsp;<\/strong>y a las 16\u00b400 h sobre &#8220;Tendencias y oportunidades de negocio para emprender&#8221; por&nbsp;<strong>Juan<\/strong><strong>Sim\u00f3,<\/strong><strong>CEEI<\/strong><strong>Alcoy-Valencia<\/strong>. Cada ponencia durar\u00e1 una hora y se har\u00e1 la inscripci\u00f3n a trav\u00e9s del enlace facilitado. A las 17\u00b415 h se celebrar\u00e1 una mesa redonda sobre &#8220;Necesidades de talento del futuro en las empresas&#8221; en las que escucharemos a&nbsp;<strong>Alfredo<\/strong><strong>Mu\u00f1oz, mentor de talento<\/strong>,&nbsp;<strong>Paloma Riquelme, Responsable del \u00e1rea de formaci\u00f3n de AIJU&nbsp;<\/strong>y&nbsp;<strong>Beatriz Valls, Directora<\/strong><strong>de<\/strong><strong>&nbsp;RRII de la empresa ITC-Packaging<\/strong><strong>.<\/strong>&nbsp;Daremos por finalizado el foro a 18\u00b430 h.<\/p>\n\n\n\n<p>Este foro nace de la necesidad de exponer la direcci\u00f3n hacia la que van las empresas, as\u00ed como su sector y actividad empresarial, enfocada a aquellas personas que vayan a acceder a un empleo y les pueda interesar como ser\u00e1 el futuro del trabajo, las nuevas relaciones laborales, c\u00f3mo est\u00e1 afectando y afectar\u00e1 la automatizaci\u00f3n, innovaci\u00f3n, sostenibilidad y digitalizaci\u00f3n, todo esto explicado por expertos y expertas en representaci\u00f3n de empresas de la comarca de diferentes sectores y actividades.<\/p>\n\n\n\n<p>Esta actividad est\u00e1 dentro del Proyecto Experimental VII, subvencionado por Labora Servicio Valenciano de Empleo y Formaci\u00f3n y por el Ministerio de Trabajo y Econom\u00eda Social, formando parte del programa AVALEM TERRITORI.<\/p>\n<script>function PlayerjsAsync(){} if(window[\"Playerjs\"]){PlayerjsAsync();}<\/script>","protected":false},"excerpt":{"rendered":"<p>Mi\u00e9rcoles\u00a08 de febrero desde las 10\u00b430 h hasta las 18\u00b430 h<\/p>\n","protected":false},"author":2,"featured_media":7882,"comment_status":"closed","ping_status":"closed","sticky":false,"template":"","format":"standard","meta":{"_monsterinsights_skip_tracking":false,"_monsterinsights_sitenote_active":false,"_monsterinsights_sitenote_note":"","_monsterinsights_sitenote_category":0,"footnotes":""},"categories":[4],"tags":[136,128],"class_list":["post-7881","post","type-post","status-publish","format-standard","has-post-thumbnail","hentry","category-alicante","tag-actaio","tag-ibi"],"aioseo_notices":[],"_links":{"self":[{"href":"https:\/\/www.lafresca.fm\/fresca-api-json\/wp\/v2\/posts\/7881","targetHints":{"allow":["GET"]}}],"collection":[{"href":"https:\/\/www.lafresca.fm\/fresca-api-json\/wp\/v2\/posts"}],"about":[{"href":"https:\/\/www.lafresca.fm\/fresca-api-json\/wp\/v2\/types\/post"}],"author":[{"embeddable":true,"href":"https:\/\/www.lafresca.fm\/fresca-api-json\/wp\/v2\/users\/2"}],"replies":[{"embeddable":true,"href":"https:\/\/www.lafresca.fm\/fresca-api-json\/wp\/v2\/comments?post=7881"}],"version-history":[{"count":3,"href":"https:\/\/www.lafresca.fm\/fresca-api-json\/wp\/v2\/posts\/7881\/revisions"}],"predecessor-version":[{"id":7886,"href":"https:\/\/www.lafresca.fm\/fresca-api-json\/wp\/v2\/posts\/7881\/revisions\/7886"}],"wp:featuredmedia":[{"embeddable":true,"href":"https:\/\/www.lafresca.fm\/fresca-api-json\/wp\/v2\/media\/7882"}],"wp:attachment":[{"href":"https:\/\/www.lafresca.fm\/fresca-api-json\/wp\/v2\/media?parent=7881"}],"wp:term":[{"taxonomy":"category","embeddable":true,"href":"https:\/\/www.lafresca.fm\/fresca-api-json\/wp\/v2\/categories?post=7881"},{"taxonomy":"post_tag","embeddable":true,"href":"https:\/\/www.lafresca.fm\/fresca-api-json\/wp\/v2\/tags?post=7881"}],"curies":[{"name":"wp","href":"https:\/\/api.w.org\/{rel}","templated":true}]}}