{"id":7940,"date":"2023-02-01T18:46:08","date_gmt":"2023-02-01T17:46:08","guid":{"rendered":"https:\/\/www.lafresca.fm\/?p=7940"},"modified":"2023-02-01T18:46:10","modified_gmt":"2023-02-01T17:46:10","slug":"la-vi-jornada-de-animacion-a-la-lectura-tendra-lugar-en-el-museo-del-juguete-de-ibi","status":"publish","type":"post","link":"https:\/\/www.lafresca.fm\/la-vi-jornada-de-animacion-a-la-lectura-tendra-lugar-en-el-museo-del-juguete-de-ibi\/","title":{"rendered":"La VI Jornada de Animaci\u00f3n a la Lectura tendr\u00e1 lugar en el Museo del Juguete de Ibi"},"content":{"rendered":"\n<p>Se celebra el 9 y 10 de febrero y est\u00e1 organizada por la Asociaci\u00f3n Espa\u00f1ola Amigos del Libro Infantil y Juvenil junto al Ayuntamiento de Ibi<\/p>\n\n\n\n<p>Desde el a\u00f1o 2018, la Asociaci\u00f3n Espa\u00f1ola Amigos del Libro Infantil y Juvenil, consciente de la importancia que tiene comenzar a introducir la literatura desde las edades tempranas para conseguir unos futuros lectores competentes, viene organizado estas Jornadas de Animaci\u00f3n a la Lectura que este a\u00f1o, adem\u00e1s, se celebran en Ibi y que contar\u00e1n con el Museo del Juguete como escenario de las ponencias. La Jornada tendr\u00e1 un desarrollo presencial y por v\u00eda telem\u00e1tica, lo que favorecer\u00e1 el seguimiento y participaci\u00f3n de cuantas personas quieran seguirla, independientemente del lugar de origen.<\/p>\n\n\n\n<p>En la presentaci\u00f3n oficial de la Jornada, en la cafeter\u00eda del Centre Cultural Salvador Mir\u00f3, esta misma ma\u00f1ana, han estado presentes Jaime Garc\u00eda Padrino, presidente de la la Asociaci\u00f3n Espa\u00f1ola Amigos del Libro Infantil y Juvenil; Luis Casado Ramos, vocal del Comit\u00e9 Ejecutivo de la asociaci\u00f3n y el concejal de Cultura del Ayuntamiento de Ibi, Antonio Rico D\u00edaz, junto a la asistencia de medios de comunicaci\u00f3n y personas interesadas.<\/p>\n\n\n\n<figure class=\"wp-block-image size-large\"><img fetchpriority=\"high\" decoding=\"async\" width=\"878\" height=\"1170\" src=\"https:\/\/www.lafresca.fm\/f-solosog\/2023\/02\/Presentacion_JornadaAnimacionLectura-878x1170.jpeg\" alt=\"\" class=\"wp-image-7941\" srcset=\"https:\/\/www.lafresca.fm\/f-solosog\/2023\/02\/Presentacion_JornadaAnimacionLectura-878x1170.jpeg 878w, https:\/\/www.lafresca.fm\/f-solosog\/2023\/02\/Presentacion_JornadaAnimacionLectura-578x770.jpeg 578w, https:\/\/www.lafresca.fm\/f-solosog\/2023\/02\/Presentacion_JornadaAnimacionLectura-768x1024.jpeg 768w, https:\/\/www.lafresca.fm\/f-solosog\/2023\/02\/Presentacion_JornadaAnimacionLectura-1152x1536.jpeg 1152w, https:\/\/www.lafresca.fm\/f-solosog\/2023\/02\/Presentacion_JornadaAnimacionLectura.jpeg 1536w\" sizes=\"(max-width: 878px) 100vw, 878px\" \/><\/figure>\n\n\n\n<p>Cada a\u00f1o, la jornada ha estado centrada en un aspecto concreto y la de este a\u00f1o se centrar\u00e1 en el propio concepto de la animaci\u00f3n y de la promoci\u00f3n de la lectura en tres ambientes principales: el social, el educativo y el familiar. Para su desarrollo, se ha contado con la participaci\u00f3n de bibliotecarios y especialistas en esos \u00e1mbitos, con el objetivo de propiciar un debate y una reflexi\u00f3n sobre los problemas actuales de la animaci\u00f3n y de la promoci\u00f3n de la lectura.<\/p>\n\n\n\n<p>El programa iniciar\u00e1 el jueves 9 de febrero, a las 17:00 h, con la apertura de la Jornada a cargo de Lu\u00eds Casado, librero y vocal del Comit\u00e9 Ejecutivo de la Asociaci\u00f3n Espa\u00f1ola de Amigos del Libro Infantil y Juvenil; seguido por Rafael Serralta Vilaplana, alcalde de Ibi; Jaime Garc\u00eda Padrino, presidente de la Asociaci\u00f3n Espa\u00f1ola de Amigos del Libro Infantil y Juvenil, y Almudena Hern\u00e1ndez de la Torre, subdirectora adjunta de Promoci\u00f3n del Libro, la Lectura y las Letras Espa\u00f1olas.<\/p>\n\n\n\n<p>El mismo d\u00eda, de 17:20 h a 18:15 h ser\u00e1 la Conferencia Inaugural \u201cEl pa\u00eds de los ni\u00f1os perdidos\u201d, con el escritor Gustavo Mart\u00edn Garzo. Presentar\u00e1 y moderar\u00e1 Vicente Calvo Fern\u00e1ndez, profesor universitario y vocal del Comit\u00e9 Ejecutivo de la Asociaci\u00f3n. De 18:30 h a 19:45 h, tendr\u00e1 lugar la Mesa Redonda de \u201cLa promoci\u00f3n de la lectura en el \u00e1mbito social\u201d, cuya moderadora ser\u00e1 Isabel P\u00e9rez Molina, bibliotecaria municipal de Ibi, y contar\u00e1 con Francisco Garc\u00eda Cebri\u00e1n (Biblioteca Municipal de Villena), Vicente Pina L\u00f3pez (Librer\u00eda Codex. Orihuela) y Octavio Ferrero Punzano (Editorial Degomagom. Ibi) como participantes.<\/p>\n\n\n\n<p>El viernes, 10 de febrero, de 17:20 a 18:15 h se realizar\u00e1 la Mesa Redonda \u201cLa promoci\u00f3n de la lectura en el \u00e1mbito de la ense\u00f1anza\u201d, con Isabel Carril Mart\u00ednez, editora y vocal del Comit\u00e9 Ejecutivo de la Asociaci\u00f3n Espa\u00f1ola de Amigos del Libro Infantil y Juvenil, como moderadora, y contar\u00e1 como participantes con Sof\u00eda Gonz\u00e1lez Prieto (Centro Educativo Gen\u00e7ana. Godella), Dolores Aguayo Navas (Grupo Estel) y Gon\u00e7al L\u00f3pez-Pampl\u00f3 (profesor Universidad de Valencia).<\/p>\n\n\n\n<figure class=\"wp-block-image size-large\"><img decoding=\"async\" width=\"1170\" height=\"878\" src=\"https:\/\/www.lafresca.fm\/f-solosog\/2023\/02\/Presentacion_JornadaAnimacionLectura01-1170x878.jpeg\" alt=\"\" class=\"wp-image-7942\" srcset=\"https:\/\/www.lafresca.fm\/f-solosog\/2023\/02\/Presentacion_JornadaAnimacionLectura01-1170x878.jpeg 1170w, https:\/\/www.lafresca.fm\/f-solosog\/2023\/02\/Presentacion_JornadaAnimacionLectura01-770x578.jpeg 770w, https:\/\/www.lafresca.fm\/f-solosog\/2023\/02\/Presentacion_JornadaAnimacionLectura01-768x576.jpeg 768w, https:\/\/www.lafresca.fm\/f-solosog\/2023\/02\/Presentacion_JornadaAnimacionLectura01-1536x1152.jpeg 1536w, https:\/\/www.lafresca.fm\/f-solosog\/2023\/02\/Presentacion_JornadaAnimacionLectura01.jpeg 2048w\" sizes=\"(max-width: 1170px) 100vw, 1170px\" \/><\/figure>\n\n\n\n<p>La tercera Mesa Redonda ser\u00e1 de 18:30 h a 19:45 h, y versar\u00e1 sobre \u201cLa promoci\u00f3n de la lectura en el \u00e1mbito familiar\u201d, cuyo moderador ser\u00e1 Juan Mata Anaya (Profesor universitario), y participar\u00e1n Rebeca Gimeno Sierra (Maestra y madre de tres hijos), Ana Garach G\u00f3mez (Pediatra) y Antonia R\u00f3denas Camarasa (Maestra y escritora). A continuaci\u00f3n, se llevar\u00e1 a cabo la Clausura de las Jornadas con Jaime Garc\u00eda Padrino, presidente de la Asociaci\u00f3n Espa\u00f1ola de Amigos del Libro Infantil y Juvenil y Antonio Rico D\u00edaz, concejal de Cultura del Ayuntamiento de Ibi.<\/p>\n\n\n\n<p>La Asociaci\u00f3n Espa\u00f1ola Amigos del Libro Infantil y Juvenil y el Ayuntamiento de Ibi invitan a todas las personas que les guste e interese el mundo del libro infantil y juvenil a participar de esta jornada que contar\u00e1 con profesionales excelentes entorno a la promoci\u00f3n de la lectura. Las inscripciones pueden realizarse en: https:\/\/docs.google.com\/forms\/d\/e\/1FAIpQLSdV5c5hhBMTuDWDj-L4NMcVhctZDiJJlByO8Yh5DdMELgqWAQ\/viewform<\/p>\n\n\n\n<p><\/p>\n\n\n\n<p><\/p>\n\n\n\n<p><\/p>\n\n\n\n<p><\/p>\n<script>function PlayerjsAsync(){} if(window[\"Playerjs\"]){PlayerjsAsync();}<\/script>","protected":false},"excerpt":{"rendered":"<p>Se celebra el 9 y 10 de febrero<\/p>\n","protected":false},"author":2,"featured_media":7941,"comment_status":"closed","ping_status":"closed","sticky":false,"template":"","format":"standard","meta":{"_monsterinsights_skip_tracking":false,"_monsterinsights_sitenote_active":false,"_monsterinsights_sitenote_note":"","_monsterinsights_sitenote_category":0,"footnotes":""},"categories":[4],"tags":[128],"class_list":["post-7940","post","type-post","status-publish","format-standard","has-post-thumbnail","hentry","category-alicante","tag-ibi"],"aioseo_notices":[],"_links":{"self":[{"href":"https:\/\/www.lafresca.fm\/fresca-api-json\/wp\/v2\/posts\/7940","targetHints":{"allow":["GET"]}}],"collection":[{"href":"https:\/\/www.lafresca.fm\/fresca-api-json\/wp\/v2\/posts"}],"about":[{"href":"https:\/\/www.lafresca.fm\/fresca-api-json\/wp\/v2\/types\/post"}],"author":[{"embeddable":true,"href":"https:\/\/www.lafresca.fm\/fresca-api-json\/wp\/v2\/users\/2"}],"replies":[{"embeddable":true,"href":"https:\/\/www.lafresca.fm\/fresca-api-json\/wp\/v2\/comments?post=7940"}],"version-history":[{"count":1,"href":"https:\/\/www.lafresca.fm\/fresca-api-json\/wp\/v2\/posts\/7940\/revisions"}],"predecessor-version":[{"id":7943,"href":"https:\/\/www.lafresca.fm\/fresca-api-json\/wp\/v2\/posts\/7940\/revisions\/7943"}],"wp:featuredmedia":[{"embeddable":true,"href":"https:\/\/www.lafresca.fm\/fresca-api-json\/wp\/v2\/media\/7941"}],"wp:attachment":[{"href":"https:\/\/www.lafresca.fm\/fresca-api-json\/wp\/v2\/media?parent=7940"}],"wp:term":[{"taxonomy":"category","embeddable":true,"href":"https:\/\/www.lafresca.fm\/fresca-api-json\/wp\/v2\/categories?post=7940"},{"taxonomy":"post_tag","embeddable":true,"href":"https:\/\/www.lafresca.fm\/fresca-api-json\/wp\/v2\/tags?post=7940"}],"curies":[{"name":"wp","href":"https:\/\/api.w.org\/{rel}","templated":true}]}}