{"id":7947,"date":"2023-02-02T17:26:55","date_gmt":"2023-02-02T16:26:55","guid":{"rendered":"https:\/\/www.lafresca.fm\/?p=7947"},"modified":"2023-02-02T17:26:57","modified_gmt":"2023-02-02T16:26:57","slug":"entrevista-con-macarena-florencio-quilis-tecnico-de-actaio","status":"publish","type":"post","link":"https:\/\/www.lafresca.fm\/entrevista-con-macarena-florencio-quilis-tecnico-de-actaio\/","title":{"rendered":"ENTREVISTA con Macarena Florencio Quilis, T\u00e9cnico de ACTAIO"},"content":{"rendered":"\n<p>\ud83d\udcfb ENTREVISTA con Macarena Florencio Quilis, \ud83d\udc77\u200d\u2640\ufe0fT\u00e9cnico de ACTAIO, quien nos ha contado todo lo que el mi\u00e9rcoles 8 de febrero tendr\u00e1 lugar en el Centre Cultural Salvador Mir\u00f3 i Regidoria de Cultura d\u2019Ibi. FORO ABIERTO SOBRE TENDENCIAS EN EL FUTURO LABORAL EN NUESTRO TERRITORIO, conjuntamente con el Ayuntamiento de Ibi.<\/p>\n\n\n\n<figure class=\"wp-block-audio\"><audio controls src=\"https:\/\/www.lafresca.fm\/f-solosog\/2023\/02\/Enrevista-Macarena-Florencio-2223-ok-.mp3\"><\/audio><\/figure>\n\n\n\n<figure class=\"wp-block-image size-full is-resized\"><img fetchpriority=\"high\" decoding=\"async\" src=\"https:\/\/www.lafresca.fm\/f-solosog\/2023\/02\/Agora-2019-1024x514-1.png\" alt=\"\" class=\"wp-image-7949\" width=\"834\" height=\"418\" srcset=\"https:\/\/www.lafresca.fm\/f-solosog\/2023\/02\/Agora-2019-1024x514-1.png 1025w, https:\/\/www.lafresca.fm\/f-solosog\/2023\/02\/Agora-2019-1024x514-1-770x386.png 770w, https:\/\/www.lafresca.fm\/f-solosog\/2023\/02\/Agora-2019-1024x514-1-768x385.png 768w\" sizes=\"(max-width: 834px) 100vw, 834px\" \/><\/figure>\n\n\n\n<p>Si quieres conocer las tendencias de futuro en el mundo laboral. Si te interesa saber qu\u00e9 profesiones se necesitar\u00e1n y cu\u00e1les desaparecer\u00e1n&#8230; Dirigido a todas las personas que buscan trabajo, alumnado, familias o cualquier interesado\/a<\/p>\n\n\n\n<p><\/p>\n<script>function PlayerjsAsync(){} if(window[\"Playerjs\"]){PlayerjsAsync();}<\/script>","protected":false},"excerpt":{"rendered":"<p>\ud83d\udcfb ENTREVISTA con Macarena Florencio Quilis, \ud83d\udc77\u200d\u2640\ufe0fT\u00e9cnico de ACTAIO, quien nos ha contado todo lo que el mi\u00e9rcoles 8 de febrero tendr\u00e1 lugar en el Centre Cultural Salvador Mir\u00f3 i Regidoria de Cultura d\u2019Ibi. FORO ABIERTO SOBRE TENDENCIAS EN EL FUTURO LABORAL EN NUESTRO TERRITORIO, conjuntamente con el Ayuntamiento de ...<\/p>\n","protected":false},"author":2,"featured_media":7949,"comment_status":"closed","ping_status":"closed","sticky":false,"template":"","format":"standard","meta":{"_monsterinsights_skip_tracking":false,"_monsterinsights_sitenote_active":false,"_monsterinsights_sitenote_note":"","_monsterinsights_sitenote_category":0,"footnotes":""},"categories":[4],"tags":[136,128,285],"class_list":["post-7947","post","type-post","status-publish","format-standard","has-post-thumbnail","hentry","category-alicante","tag-actaio","tag-ibi","tag-macarena-florencio"],"aioseo_notices":[],"_links":{"self":[{"href":"https:\/\/www.lafresca.fm\/fresca-api-json\/wp\/v2\/posts\/7947","targetHints":{"allow":["GET"]}}],"collection":[{"href":"https:\/\/www.lafresca.fm\/fresca-api-json\/wp\/v2\/posts"}],"about":[{"href":"https:\/\/www.lafresca.fm\/fresca-api-json\/wp\/v2\/types\/post"}],"author":[{"embeddable":true,"href":"https:\/\/www.lafresca.fm\/fresca-api-json\/wp\/v2\/users\/2"}],"replies":[{"embeddable":true,"href":"https:\/\/www.lafresca.fm\/fresca-api-json\/wp\/v2\/comments?post=7947"}],"version-history":[{"count":1,"href":"https:\/\/www.lafresca.fm\/fresca-api-json\/wp\/v2\/posts\/7947\/revisions"}],"predecessor-version":[{"id":7950,"href":"https:\/\/www.lafresca.fm\/fresca-api-json\/wp\/v2\/posts\/7947\/revisions\/7950"}],"wp:featuredmedia":[{"embeddable":true,"href":"https:\/\/www.lafresca.fm\/fresca-api-json\/wp\/v2\/media\/7949"}],"wp:attachment":[{"href":"https:\/\/www.lafresca.fm\/fresca-api-json\/wp\/v2\/media?parent=7947"}],"wp:term":[{"taxonomy":"category","embeddable":true,"href":"https:\/\/www.lafresca.fm\/fresca-api-json\/wp\/v2\/categories?post=7947"},{"taxonomy":"post_tag","embeddable":true,"href":"https:\/\/www.lafresca.fm\/fresca-api-json\/wp\/v2\/tags?post=7947"}],"curies":[{"name":"wp","href":"https:\/\/api.w.org\/{rel}","templated":true}]}}