{"id":7968,"date":"2023-02-06T16:06:30","date_gmt":"2023-02-06T15:06:30","guid":{"rendered":"https:\/\/www.lafresca.fm\/?p=7968"},"modified":"2023-02-06T16:06:31","modified_gmt":"2023-02-06T15:06:31","slug":"humi-guill-intentara-revalidar-la-alcaldia-de-onil-en-las-proximas-elecciones-del-mes-de-mayo","status":"publish","type":"post","link":"https:\/\/www.lafresca.fm\/humi-guill-intentara-revalidar-la-alcaldia-de-onil-en-las-proximas-elecciones-del-mes-de-mayo\/","title":{"rendered":"Humi Guill intentar\u00e1 revalidar la alcald\u00eda de Onil en las pr\u00f3ximas elecciones del mes de mayo."},"content":{"rendered":"\n<p>A trav\u00e9s de sus Redes Sociales la actual alcaldesa de Onil, ha anunciado su intenci\u00f3n de presentarse, por tercera vez, a las elecciones municipales por el PSPV-PSOE.<\/p>\n\n\n\n<figure class=\"wp-block-image size-large\"><img fetchpriority=\"high\" decoding=\"async\" width=\"888\" height=\"1170\" src=\"https:\/\/www.lafresca.fm\/f-solosog\/2023\/02\/humi-guill-feb23-888x1170.jpg\" alt=\"\" class=\"wp-image-7969\" srcset=\"https:\/\/www.lafresca.fm\/f-solosog\/2023\/02\/humi-guill-feb23-888x1170.jpg 888w, https:\/\/www.lafresca.fm\/f-solosog\/2023\/02\/humi-guill-feb23-584x770.jpg 584w, https:\/\/www.lafresca.fm\/f-solosog\/2023\/02\/humi-guill-feb23-768x1012.jpg 768w, https:\/\/www.lafresca.fm\/f-solosog\/2023\/02\/humi-guill-feb23.jpg 971w\" sizes=\"(max-width: 888px) 100vw, 888px\" \/><\/figure>\n\n\n\n<p>As\u00ed lo ha anunciado:<\/p>\n\n\n\n<p>M\u00e1s entusiasmada que nunca me presento, por el PSPV-PSOE, como candidata a la alcald\u00eda de Onil en las pr\u00f3ximas elecciones de Mayo.<\/p>\n\n\n\n<p>Onil es un sentimiento: estoy enamorada de la responsabilidad de mejorar Onil y de vivir los instantes que lo hacen prosperar. Me cautiva el hecho de llevar a cabo el trabajo que queda por empezar o por concluir para un Onil atrayente.<\/p>\n\n\n\n<p>Atender\u00e9 esta labor, junto con un equipo humano que conciben la equidad y la justicia como valores para alcanzar el reto de transformar la realidad, buscando la m\u00e1xima conexi\u00f3n con la vida real de las personas de Onil.<\/p>\n\n\n\n<p>Pongo a vuestra disposici\u00f3n mi entusiasmo, mi experiencia, mi perseverancia, mi preparaci\u00f3n y mi capacidad para mejorar la vida de este extraordinario pueblo.<\/p>\n\n\n\n<p>Tengo el inmenso privilegio de ser la alcaldesa de Onil desde 2015 y sigo teniendo el mismo inter\u00e9s y pasi\u00f3n que el d\u00eda en que inici\u00e9 este hermoso compromiso con vosotros; quiero colaborar con todos vosotros, buscando soluciones a los grandes y peque\u00f1os desaf\u00edos y a las diversas situaciones dif\u00edciles y adversas.<\/p>\n\n\n\n<p>Nuestras decisiones son un acto de responsabilidad, lo que ocurra en Onil en el futuro tendr\u00e1 mucho que ver con lo que hoy decidamos. Har\u00e9 todo lo posible para que Onil sea, para todos vosotros, persistentemente el mejor lugar para vivir.<\/p>\n\n\n\n<p>Gracias a todos los que hab\u00e9is hecho posible que presente mi candidatura y en especial a la agrupaci\u00f3n socialista.<\/p>\n\n\n\n<p>La pol\u00edtica para m\u00ed es la firme ambici\u00f3n de hacer y tener un Onil mejor.<\/p>\n\n\n\n<p>Cuento con vosotros para iniciar esta nueva etapa y para que me ayud\u00e9is a ser cada d\u00eda mejor alcaldesa<\/p>\n<script>function PlayerjsAsync(){} if(window[\"Playerjs\"]){PlayerjsAsync();}<\/script>","protected":false},"excerpt":{"rendered":"<p>A trav\u00e9s de sus Redes Sociales la actual alcaldesa de Onil, ha anunciado su intenci\u00f3n de presentarse, por tercera vez, a las elecciones municipales por el PSPV-PSOE. As\u00ed lo ha anunciado: M\u00e1s entusiasmada que nunca me presento, por el PSPV-PSOE, como candidata a la alcald\u00eda de Onil en las pr\u00f3ximas ...<\/p>\n","protected":false},"author":2,"featured_media":7969,"comment_status":"closed","ping_status":"closed","sticky":false,"template":"","format":"standard","meta":{"_monsterinsights_skip_tracking":false,"_monsterinsights_sitenote_active":false,"_monsterinsights_sitenote_note":"","_monsterinsights_sitenote_category":0,"footnotes":""},"categories":[4],"tags":[176,133],"class_list":["post-7968","post","type-post","status-publish","format-standard","has-post-thumbnail","hentry","category-alicante","tag-humi-guill","tag-onil"],"aioseo_notices":[],"_links":{"self":[{"href":"https:\/\/www.lafresca.fm\/fresca-api-json\/wp\/v2\/posts\/7968","targetHints":{"allow":["GET"]}}],"collection":[{"href":"https:\/\/www.lafresca.fm\/fresca-api-json\/wp\/v2\/posts"}],"about":[{"href":"https:\/\/www.lafresca.fm\/fresca-api-json\/wp\/v2\/types\/post"}],"author":[{"embeddable":true,"href":"https:\/\/www.lafresca.fm\/fresca-api-json\/wp\/v2\/users\/2"}],"replies":[{"embeddable":true,"href":"https:\/\/www.lafresca.fm\/fresca-api-json\/wp\/v2\/comments?post=7968"}],"version-history":[{"count":1,"href":"https:\/\/www.lafresca.fm\/fresca-api-json\/wp\/v2\/posts\/7968\/revisions"}],"predecessor-version":[{"id":7971,"href":"https:\/\/www.lafresca.fm\/fresca-api-json\/wp\/v2\/posts\/7968\/revisions\/7971"}],"wp:featuredmedia":[{"embeddable":true,"href":"https:\/\/www.lafresca.fm\/fresca-api-json\/wp\/v2\/media\/7969"}],"wp:attachment":[{"href":"https:\/\/www.lafresca.fm\/fresca-api-json\/wp\/v2\/media?parent=7968"}],"wp:term":[{"taxonomy":"category","embeddable":true,"href":"https:\/\/www.lafresca.fm\/fresca-api-json\/wp\/v2\/categories?post=7968"},{"taxonomy":"post_tag","embeddable":true,"href":"https:\/\/www.lafresca.fm\/fresca-api-json\/wp\/v2\/tags?post=7968"}],"curies":[{"name":"wp","href":"https:\/\/api.w.org\/{rel}","templated":true}]}}