{"id":8069,"date":"2023-02-07T08:49:59","date_gmt":"2023-02-07T07:49:59","guid":{"rendered":"https:\/\/www.lafresca.fm\/?p=8069"},"modified":"2023-02-07T08:50:01","modified_gmt":"2023-02-07T07:50:01","slug":"la-temporada-espanola-de-orientacion-arrasa-en-onil-con-una-alta-participacion-internacional","status":"publish","type":"post","link":"https:\/\/www.lafresca.fm\/la-temporada-espanola-de-orientacion-arrasa-en-onil-con-una-alta-participacion-internacional\/","title":{"rendered":"La temporada espa\u00f1ola de orientaci\u00f3n arrasa en Onil con una alta participaci\u00f3n internacional"},"content":{"rendered":"\n<p>El pasado fin de semana comenzaba la temporada 2023 de orientaci\u00f3n en la provincia de Alicante. El&nbsp;<a href=\"https:\/\/www.onil2023.fedocv.org\/\" target=\"_blank\" rel=\"noreferrer noopener\">XII Premi Internacional d&#8217;Orientaci\u00f3 Comunitat Valenciana<\/a>&nbsp;agrup\u00f3 las tres primeras pruebas puntuables para la Liga Espa\u00f1ola de O-Pie y Sprint.<\/p>\n\n\n\n<p>La Federaci\u00f3n de Orientaci\u00f3n de la Comunidad Valenciana, con el apoyo del C.E. Colivenc, estuco a cargo de la organizaci\u00f3n de la prueba en los municipios de Onil y Sax. La cita cont\u00f3 adem\u00e1s con una elevada participaci\u00f3n internacional y las tres pruebas fueron retransmitidas por streaming en el canal de Youtube de la Federaci\u00f3n Espa\u00f1ola de Orientaci\u00f3n.<\/p>\n\n\n\n<p>El s\u00e1bado por la ma\u00f1ana, la&nbsp;<strong>media&nbsp;<\/strong>distancia daba comienzo a la temporada 2023. El triunfo de la medallista internacional sueca, Karolin Ohlsson, en categor\u00eda \u00e9lite marcaba un elevado nivel de competici\u00f3n en la prueba. En la misma categor\u00eda,&nbsp;Tilde Backlund (G\u00f6teborg-Majorna OK) y&nbsp;Anna Haataja ( SK Pohjant\u00e4hti) finalizaban en segunda y tercera plaza respectivamente. La mejor espa\u00f1ola era Nerea Gonz\u00e1lez (Toledo-O), con la sexta posici\u00f3n. En categor\u00eda \u00e9lite masculina, el triunfo en categor\u00eda \u00e9lite era para&nbsp;Mathias Peter (S\u00f6dert\u00e4lje-Nykvarn Orientering), seguido de su compa\u00f1ero de club&nbsp;Michal Olejnik. La tercera plaza era para&nbsp; Timo Suter (Cordoba Elite Team). David Rojas (Alabarda-O) era el mejor espa\u00f1ol en la prueba, con la 12\u00aa posici\u00f3n.<\/p>\n\n\n\n<p>La tarde del s\u00e1bado se disputaba la prueba&nbsp;<strong>sprint&nbsp;<\/strong>en el coraz\u00f3n del municipio de Onil. En este caso, el podium en categor\u00eda \u00e9lite femenina fue para&nbsp;Nerea Gonz\u00e1lez y Filipa Rodriguez (J\u00e4rla Orientering), ambas empatadas en la primera posici\u00f3n en categor\u00eda femenina, mientras que Anna Haataja (SK Pohjant\u00e4hti) y&nbsp;Katrin Mueller (IFK Liding\u00f6 SOK) empataron tambi\u00e9n en la tercera posici\u00f3n. En categor\u00eda \u00e9lite masculina, el triunfo era para&nbsp;Michal Olejnik, seguido de&nbsp;Timo Suter y en tercera posici\u00f3n&nbsp;Francesco Mariani (Polisportiva G.Masi). El mejor espa\u00f1ol en esta prueba en categor\u00eda \u00e9lite era Pablo Ferrando (Toledo-O).<\/p>\n\n\n\n<p>En la prueba de&nbsp;<strong>distancia&nbsp;larga<\/strong>, que cerraba la competici\u00f3n en la ma\u00f1ana del domingo, Csaba Gerber (Halden SK) y&nbsp;Karolin Ohlsson se llevaban el triunfo en categor\u00eda \u00e9lite. Por su parte,&nbsp;Anna Haataja y&nbsp;Timo Suter recog\u00edan las medallas de plata, mientras que Filipa Rodrigues y Michal Olejnik se llevaban el bronce. Nerea Gonz\u00e1lez Pe\u00f1a era la mejor espa\u00f1ola \u00e9lite en esta prueba, con la cuarta posici\u00f3n, mientras que David Rojas (Alabarda-O) era el mejor deportista espa\u00f1ol en categor\u00eda masculina \u00e9lite, con la 9\u00aa plaza.<\/p>\n\n\n\n<p>Los&nbsp;<strong>resultados&nbsp;<\/strong>completos de la prueba est\u00e1n disponibles en&nbsp;<a href=\"https:\/\/www.fedo.org\/web\/competicion\/o-pie\/resultados\">este link<\/a>, mientras que la&nbsp;<strong>retransmisi\u00f3n<\/strong>&nbsp;de las competiciones se puede volver a ver en el canal de&nbsp;<a href=\"https:\/\/www.youtube.com\/@fedoorg\" target=\"_blank\" rel=\"noreferrer noopener\">Youtube de la FEDO<\/a>. Todas las fotos de la prueba en la&nbsp;<a href=\"https:\/\/www.fedo.org\/web\/multimedia\/fotos\">Secci\u00f3n Multimedia<\/a>. Y seguimiento&nbsp;<a href=\"https:\/\/tractrac.com\/event-page\/event_20230203_XIIPremiIn\/2530\" target=\"_blank\" rel=\"noreferrer noopener\">GPS<\/a>. Tras esta primera jornada de liga, se ha actualizado el ranking de la Liga Espa\u00f1ola de O-Pie y Sprint 2023, disponible en&nbsp;<a href=\"https:\/\/www.fedo.org\/web\/ranking\/o-pie\">nuestra web<\/a>.<\/p>\n<script>function PlayerjsAsync(){} if(window[\"Playerjs\"]){PlayerjsAsync();}<\/script>","protected":false},"excerpt":{"rendered":"<p>El pasado fin de semana comenzaba la temporada 2023 de orientaci\u00f3n en la provincia de Alicante. El&nbsp;XII Premi Internacional d&#8217;Orientaci\u00f3 Comunitat Valenciana&nbsp;agrup\u00f3 las tres primeras pruebas puntuables para la Liga Espa\u00f1ola de O-Pie y Sprint. La Federaci\u00f3n de Orientaci\u00f3n de la Comunidad Valenciana, con el apoyo del C.E. Colivenc, estuco ...<\/p>\n","protected":false},"author":2,"featured_media":8070,"comment_status":"closed","ping_status":"closed","sticky":false,"template":"","format":"standard","meta":{"_monsterinsights_skip_tracking":false,"_monsterinsights_sitenote_active":false,"_monsterinsights_sitenote_note":"","_monsterinsights_sitenote_category":0,"footnotes":""},"categories":[4],"tags":[133,289],"class_list":["post-8069","post","type-post","status-publish","format-standard","has-post-thumbnail","hentry","category-alicante","tag-onil","tag-orientacion-2"],"aioseo_notices":[],"_links":{"self":[{"href":"https:\/\/www.lafresca.fm\/fresca-api-json\/wp\/v2\/posts\/8069","targetHints":{"allow":["GET"]}}],"collection":[{"href":"https:\/\/www.lafresca.fm\/fresca-api-json\/wp\/v2\/posts"}],"about":[{"href":"https:\/\/www.lafresca.fm\/fresca-api-json\/wp\/v2\/types\/post"}],"author":[{"embeddable":true,"href":"https:\/\/www.lafresca.fm\/fresca-api-json\/wp\/v2\/users\/2"}],"replies":[{"embeddable":true,"href":"https:\/\/www.lafresca.fm\/fresca-api-json\/wp\/v2\/comments?post=8069"}],"version-history":[{"count":1,"href":"https:\/\/www.lafresca.fm\/fresca-api-json\/wp\/v2\/posts\/8069\/revisions"}],"predecessor-version":[{"id":8071,"href":"https:\/\/www.lafresca.fm\/fresca-api-json\/wp\/v2\/posts\/8069\/revisions\/8071"}],"wp:featuredmedia":[{"embeddable":true,"href":"https:\/\/www.lafresca.fm\/fresca-api-json\/wp\/v2\/media\/8070"}],"wp:attachment":[{"href":"https:\/\/www.lafresca.fm\/fresca-api-json\/wp\/v2\/media?parent=8069"}],"wp:term":[{"taxonomy":"category","embeddable":true,"href":"https:\/\/www.lafresca.fm\/fresca-api-json\/wp\/v2\/categories?post=8069"},{"taxonomy":"post_tag","embeddable":true,"href":"https:\/\/www.lafresca.fm\/fresca-api-json\/wp\/v2\/tags?post=8069"}],"curies":[{"name":"wp","href":"https:\/\/api.w.org\/{rel}","templated":true}]}}