{"id":8072,"date":"2023-02-07T10:35:34","date_gmt":"2023-02-07T09:35:34","guid":{"rendered":"https:\/\/www.lafresca.fm\/?p=8072"},"modified":"2023-02-07T10:48:17","modified_gmt":"2023-02-07T09:48:17","slug":"ibi-celebrara-el-dia-del-arbol-el-26-de-febrero-en-el-paraje-de-san-miguel","status":"publish","type":"post","link":"https:\/\/www.lafresca.fm\/ibi-celebrara-el-dia-del-arbol-el-26-de-febrero-en-el-paraje-de-san-miguel\/","title":{"rendered":"Ibi celebrar\u00e1 el D\u00eda del \u00c1rbol el 26 de febrero en el paraje de San Miguel"},"content":{"rendered":"\n<p>Con motivo del D\u00eda del \u00c1rbol, el Ayuntamiento de Ibi organiza un a\u00f1o m\u00e1s una jornada de plantaci\u00f3n de \u00e1rboles y limpieza de residuos en un paraje natural cercano a la poblaci\u00f3n. Este a\u00f1o se realizar\u00e1 en las inmediaciones de la ermita San Miguel. Un d\u00eda reivindicativo en el que el municipio ibense se suma a una propuesta mundial en la que se realizan actuaciones en pro de la preservaci\u00f3n de las riquezas naturales de las que disponemos.<\/p>\n\n\n\n<p>A la habitual plantaci\u00f3n de \u00e1rboles, y como viene siendo costumbre, se realizar\u00e1 adem\u00e1s una actividad de limpieza de residuos en la misma zona de plantaci\u00f3n. La jornada est\u00e1 prevista que inicie a las 9:30 horas, desde el Ayuntamiento, para salir andando hacia el paraje natural y, una vez all\u00ed, proceder a la plantaci\u00f3n de \u00e1rboles en una zona recreativa y natural muy querida en la localidad. Las especies que se van a plantar son carrascas, enebros, madro\u00f1os, arces, romeros, fresnos, sabinas, lentiscos y pinos.<\/p>\n\n\n\n<figure class=\"wp-block-image size-full\"><img fetchpriority=\"high\" decoding=\"async\" width=\"619\" height=\"875\" src=\"https:\/\/www.lafresca.fm\/f-solosog\/2023\/02\/Captura.png\" alt=\"\" class=\"wp-image-8073\" srcset=\"https:\/\/www.lafresca.fm\/f-solosog\/2023\/02\/Captura.png 619w, https:\/\/www.lafresca.fm\/f-solosog\/2023\/02\/Captura-545x770.png 545w\" sizes=\"(max-width: 619px) 100vw, 619px\" \/><\/figure>\n\n\n\n<p>La actividades gratuita y se realizar\u00e1 de 10:00 h a 14:00 h y se invita a toda la poblaci\u00f3n y tambi\u00e9n a vecinos y vecinas de otras localidades a participar de esta actividad en beneficio de nuestro entorno y del medio ambiente en general. Ser\u00e1 una jornada de concienciaci\u00f3n destinada a todas las edades, en al que se pasa un buen rato con familia y amigos.<\/p>\n\n\n\n<p>Para participar, no es necesario realizar inscripci\u00f3n previa y para ampliar informaci\u00f3n los interesados pueden ponerse en contacto con el departamento de Medio Ambiente del Ayuntamiento de Ibi, llamando al 96 555 24 50, ext. 215 o a&nbsp;<a href=\"mailto:medioambiente@ibi.es\">medioambiente@ibi.es<\/a>.<\/p>\n<script>function PlayerjsAsync(){} if(window[\"Playerjs\"]){PlayerjsAsync();}<\/script>","protected":false},"excerpt":{"rendered":"<p>Con motivo del D\u00eda del \u00c1rbol, el Ayuntamiento de Ibi organiza un a\u00f1o m\u00e1s una jornada de plantaci\u00f3n de \u00e1rboles y limpieza de residuos en un paraje natural cercano a la poblaci\u00f3n. Este a\u00f1o se realizar\u00e1 en las inmediaciones de la ermita San Miguel. Un d\u00eda reivindicativo en el que ...<\/p>\n","protected":false},"author":2,"featured_media":8073,"comment_status":"closed","ping_status":"closed","sticky":false,"template":"","format":"standard","meta":{"_monsterinsights_skip_tracking":false,"_monsterinsights_sitenote_active":false,"_monsterinsights_sitenote_note":"","_monsterinsights_sitenote_category":0,"footnotes":""},"categories":[4],"tags":[290,128],"class_list":["post-8072","post","type-post","status-publish","format-standard","has-post-thumbnail","hentry","category-alicante","tag-dia-del-arbol","tag-ibi"],"aioseo_notices":[],"_links":{"self":[{"href":"https:\/\/www.lafresca.fm\/fresca-api-json\/wp\/v2\/posts\/8072","targetHints":{"allow":["GET"]}}],"collection":[{"href":"https:\/\/www.lafresca.fm\/fresca-api-json\/wp\/v2\/posts"}],"about":[{"href":"https:\/\/www.lafresca.fm\/fresca-api-json\/wp\/v2\/types\/post"}],"author":[{"embeddable":true,"href":"https:\/\/www.lafresca.fm\/fresca-api-json\/wp\/v2\/users\/2"}],"replies":[{"embeddable":true,"href":"https:\/\/www.lafresca.fm\/fresca-api-json\/wp\/v2\/comments?post=8072"}],"version-history":[{"count":4,"href":"https:\/\/www.lafresca.fm\/fresca-api-json\/wp\/v2\/posts\/8072\/revisions"}],"predecessor-version":[{"id":8077,"href":"https:\/\/www.lafresca.fm\/fresca-api-json\/wp\/v2\/posts\/8072\/revisions\/8077"}],"wp:featuredmedia":[{"embeddable":true,"href":"https:\/\/www.lafresca.fm\/fresca-api-json\/wp\/v2\/media\/8073"}],"wp:attachment":[{"href":"https:\/\/www.lafresca.fm\/fresca-api-json\/wp\/v2\/media?parent=8072"}],"wp:term":[{"taxonomy":"category","embeddable":true,"href":"https:\/\/www.lafresca.fm\/fresca-api-json\/wp\/v2\/categories?post=8072"},{"taxonomy":"post_tag","embeddable":true,"href":"https:\/\/www.lafresca.fm\/fresca-api-json\/wp\/v2\/tags?post=8072"}],"curies":[{"name":"wp","href":"https:\/\/api.w.org\/{rel}","templated":true}]}}