{"id":8095,"date":"2023-02-07T16:40:18","date_gmt":"2023-02-07T15:40:18","guid":{"rendered":"https:\/\/www.lafresca.fm\/?p=8095"},"modified":"2023-02-07T16:40:20","modified_gmt":"2023-02-07T15:40:20","slug":"las-comparsas-de-onil-reciclaron-6-800-kg-de-vidrio-durante-las-fiestas-de-abril-de-2022","status":"publish","type":"post","link":"https:\/\/www.lafresca.fm\/las-comparsas-de-onil-reciclaron-6-800-kg-de-vidrio-durante-las-fiestas-de-abril-de-2022\/","title":{"rendered":"Las comparsas de Onil reciclaron 6.800 kg de vidrio durante las fiestas de abril de 2022"},"content":{"rendered":"\n<p>La Comparsa Cristians ha sido la ganadora del sorteo de un exclusivo dispensador de bebidas fabricado en vidrio y personalizado con la imagen de campa\u00f1a<\/p>\n\n\n\n<p>En <a><\/a>la campa\u00f1a La Reconquista del Vidrio se han desarrollado acciones de educaci\u00f3n ambiental para sensibilizar sobre el reciclaje de vidrio en las fiestas<\/p>\n\n\n\n<p>La Reconquista del Vidrio, iniciativa puesta en marcha por Ecovidrio, entidad sin \u00e1nimo de lucro encargada de la gesti\u00f3n del reciclado de envases de vidrio en Espa\u00f1a, en colaboraci\u00f3n con la Generalitat Valenciana y el Ayuntamiento de Onil, consigue recuperar 6.800 kg de envases de vidrio durante las fiestas de Moros y Cristianos.<\/p>\n\n\n\n<p>De media cada festero ha reciclado 3,57 kg de envases de vidrio en los contenedores asignados a la campa\u00f1a. Onil participa en la categor\u00eda Darbukas, que engloba a los municipios de entre 1.000 y 2.500 festeros.<\/p>\n\n\n\n<p>Durante los d\u00edas de fiesta un equipo de educadores ha desarrollo acciones de sensibilizaci\u00f3n ambiental en calle para concienciar a la ciudadan\u00eda sobre el reciclaje de envases de vidrio y la importancia de promover unas fiestas sostenibles.<\/p>\n\n\n\n<p>La comparsa Cristians ha sido la ganadora del sorteo del dispensador de bebidas fabricado en vidrio y personalizado con la imagen de campa\u00f1a. Con este gesto Ecovidrio premia el esfuerzo realizado para conseguir unas fiestas m\u00e1s sostenibles y respetuosas con el medioambiente.<\/p>\n\n\n\n<p>Toda la informaci\u00f3n de la campa\u00f1a se encuentra disponible en <a href=\"https:\/\/l.facebook.com\/l.php?u=http%3A%2F%2Fwww.lareconquistadelvidrio.es%2F%3Ffbclid%3DIwAR13C4_HVqKvIFsgK9x5bHg0s7bC7GHSrlURNar-PjAmX2NF0aOYU34Qe3s&amp;h=AT0SWTkMBiWmIieAOTStqQuzPYgjUqHbLUWVbYoSqRK_Dg6pXcw5cwgsddUyA2jONeaq4MY8S2ISNvnsSsGtO0UYPb3UawwIF8GcG78lyWm45kcBKaX-u3burrfNsiPt-A&amp;__tn__=-UK-R&amp;c[0]=AT3bOCihU-2A4F26elRoPhPmLFtrfuq-I9pSsKuye-VnX6B9HK_Wd4viGe8qptR51E5VrN7Auw5WKg_mdGF0Xd7x1vox9h7B8LrX1a0mec9dkQ0FCIN2oTihAS-5An74cfkHv_Xw7n4K6bFZsilgFi52KtFl8H2l92hZLeOaYNgVWe7w9MIgZLIyDYBge1NNw-i62DDCUgLFV66IeaU\" target=\"_blank\" rel=\"noreferrer noopener\">www.lareconquistadelvidrio.es.<\/a><\/p>\n\n\n\n<figure class=\"wp-block-image size-full\"><img fetchpriority=\"high\" decoding=\"async\" width=\"719\" height=\"960\" src=\"https:\/\/www.lafresca.fm\/f-solosog\/2023\/02\/ecovidrio.jpg\" alt=\"\" class=\"wp-image-8096\" srcset=\"https:\/\/www.lafresca.fm\/f-solosog\/2023\/02\/ecovidrio.jpg 719w, https:\/\/www.lafresca.fm\/f-solosog\/2023\/02\/ecovidrio-577x770.jpg 577w\" sizes=\"(max-width: 719px) 100vw, 719px\" \/><\/figure>\n\n\n\n<p><strong>Datos de reciclado de vidrio en Onil<\/strong><\/p>\n\n\n\n<p>Seg\u00fan los \u00faltimos datos disponibles correspondientes a 2021, los ciudadanos de Onil reciclaron un total de 126.609 kilogramos de envases de vidrio. Esto supone que cada ciudadano recicl\u00f3 una media de 16,72 kilogramos de vidrio.<\/p>\n\n\n\n<p>Respecto a la tasa de contenerizaci\u00f3n, Onil se sit\u00faa con una media de 210 habitantes por contenedor, contando en la actualidad con un total de 36 igl\u00fas para los residuos de envases de vidrio instalados en el municipio.<\/p>\n\n\n\n<p>Beneficios medioambientales del reciclado de vidrio<\/p>\n\n\n\n<p>El vidrio que se deposita en los contenedores se recicla al 100% y se utiliza para la fabricaci\u00f3n de nuevos envases, de forma indefinida y sin perder las propiedades originales. Reciclando vidrio evitamos el crecimiento de los vertederos.<\/p>\n\n\n\n<p>Reciclar vidrio es un elemento clave en la lucha contra el cambio clim\u00e1tico. Al usar calc\u00edn \u2013 vidrio reciclado \u2013 en la fabricaci\u00f3n de nuevos envases se evita la extracci\u00f3n de materias primas de la naturaleza, evitando la erosi\u00f3n de los suelos y la deforestaci\u00f3n de nuestro entorno.<\/p>\n\n\n\n<p>Adem\u00e1s, se minimiza la emisi\u00f3n de CO2 en el proceso de fabricaci\u00f3n y se ahorra energ\u00eda.<\/p>\n\n\n\n<p>A\u00f1o Internacional del Vidrio<\/p>\n\n\n\n<p>La ONU ha declarado 2022, del A\u00f1o Internacional del Vidrio. Este material ha jugado un papel fundamental en el desarrollo de la humanidad y ha sido crucial en el funcionamiento y la evoluci\u00f3n de la arquitectura, la automoci\u00f3n, los art\u00edculos para el hogar y los envases. Hoy es un elemento esencial en sectores clave como el de la energ\u00eda, la biomedicina, la agricultura, la electr\u00f3nica, la informaci\u00f3n y las comunicaciones, la \u00f3ptica o el sector aeroespacial, entre otros. Merece una menci\u00f3n especial el papel que ha jugado en la batalla contra la pandemia global de la COVID-19, actuando como envase contenedor de las vacunas a consecuencia de sus caracter\u00edsticas de resistencia a temperaturas extremas y a diferentes grados de PH y acidez.<\/p>\n\n\n\n<p>Respecto al envase de vidrio y en un contexto de emergencia clim\u00e1tica y necesidad de una transici\u00f3n a una econom\u00eda m\u00e1s circular, es especialmente destacable como material natural, circular y 100% reciclable de envase a envase.<\/p>\n\n\n\n<p>Sobre Ecovidrio<\/p>\n\n\n\n<p>Ecovidrio es la entidad sin \u00e1nimo de lucro encargada de la gesti\u00f3n del reciclado de residuos de envases de vidrio en Espa\u00f1a. En 1997, tras la aprobaci\u00f3n de la Ley de Envases y Residuos de Envases y el arranque de sus operaciones en 1998, se convirti\u00f3 en la entidad gestora de un modelo de reciclado que garantiza un servicio completo y al que tienen acceso todos los ciudadanos. En t\u00e9rminos de financiaci\u00f3n, 8.000 compa\u00f1\u00edas envasadoras hacen posible, con su aportaci\u00f3n a trav\u00e9s del punto verde, el sistema de reciclado.<\/p>\n\n\n\n<p>La labor de Ecovidrio destaca por garantizar el reciclado de alta calidad a trav\u00e9s del contenedor, potenciar las infraestructuras de contenerizaci\u00f3n y recogida, invertir en planes y recursos destinados a incrementar el reciclaje de envases de vidrio en la hosteler\u00eda, movilizar a los ciudadanos a trav\u00e9s de campa\u00f1as de sensibilizaci\u00f3n y promover la prevenci\u00f3n y el ecodise\u00f1o de los envases.<\/p>\n\n\n\n<p>En las \u00faltimas dos d\u00e9cadas el sistema de Ecovidrio ha permitido que hoy en d\u00eda se reciclen siete de cada diez envases de vidrio.<\/p>\n\n\n\n<p>El reciclaje de envases de vidrio es un elemento fundamental para contribuir al desarrollo sostenible, fomentar la transici\u00f3n hacia la econom\u00eda circular y luchar contra el cambio clim\u00e1tico. Adem\u00e1s, el reciclaje de envases de vidrio es una actividad apoya el cumplimiento de la Agenda 2030 y los Objetivos de Desarrollo Sostenible.<\/p>\n<script>function PlayerjsAsync(){} if(window[\"Playerjs\"]){PlayerjsAsync();}<\/script>","protected":false},"excerpt":{"rendered":"<p>La Comparsa Cristians ha sido la ganadora del sorteo de un exclusivo dispensador de bebidas fabricado en vidrio y personalizado con la imagen de campa\u00f1a En la campa\u00f1a La Reconquista del Vidrio se han desarrollado acciones de educaci\u00f3n ambiental para sensibilizar sobre el reciclaje de vidrio en las fiestas La ...<\/p>\n","protected":false},"author":2,"featured_media":8096,"comment_status":"closed","ping_status":"closed","sticky":false,"template":"","format":"standard","meta":{"_monsterinsights_skip_tracking":false,"_monsterinsights_sitenote_active":false,"_monsterinsights_sitenote_note":"","_monsterinsights_sitenote_category":0,"footnotes":""},"categories":[4],"tags":[303,133],"class_list":["post-8095","post","type-post","status-publish","format-standard","has-post-thumbnail","hentry","category-alicante","tag-ecovidrio","tag-onil"],"aioseo_notices":[],"_links":{"self":[{"href":"https:\/\/www.lafresca.fm\/fresca-api-json\/wp\/v2\/posts\/8095","targetHints":{"allow":["GET"]}}],"collection":[{"href":"https:\/\/www.lafresca.fm\/fresca-api-json\/wp\/v2\/posts"}],"about":[{"href":"https:\/\/www.lafresca.fm\/fresca-api-json\/wp\/v2\/types\/post"}],"author":[{"embeddable":true,"href":"https:\/\/www.lafresca.fm\/fresca-api-json\/wp\/v2\/users\/2"}],"replies":[{"embeddable":true,"href":"https:\/\/www.lafresca.fm\/fresca-api-json\/wp\/v2\/comments?post=8095"}],"version-history":[{"count":1,"href":"https:\/\/www.lafresca.fm\/fresca-api-json\/wp\/v2\/posts\/8095\/revisions"}],"predecessor-version":[{"id":8097,"href":"https:\/\/www.lafresca.fm\/fresca-api-json\/wp\/v2\/posts\/8095\/revisions\/8097"}],"wp:featuredmedia":[{"embeddable":true,"href":"https:\/\/www.lafresca.fm\/fresca-api-json\/wp\/v2\/media\/8096"}],"wp:attachment":[{"href":"https:\/\/www.lafresca.fm\/fresca-api-json\/wp\/v2\/media?parent=8095"}],"wp:term":[{"taxonomy":"category","embeddable":true,"href":"https:\/\/www.lafresca.fm\/fresca-api-json\/wp\/v2\/categories?post=8095"},{"taxonomy":"post_tag","embeddable":true,"href":"https:\/\/www.lafresca.fm\/fresca-api-json\/wp\/v2\/tags?post=8095"}],"curies":[{"name":"wp","href":"https:\/\/api.w.org\/{rel}","templated":true}]}}