{"id":8125,"date":"2023-02-09T16:01:09","date_gmt":"2023-02-09T15:01:09","guid":{"rendered":"https:\/\/www.lafresca.fm\/?p=8125"},"modified":"2023-02-09T16:01:11","modified_gmt":"2023-02-09T15:01:11","slug":"entrevista-con-humi-guill-alcaldesa-onil","status":"publish","type":"post","link":"https:\/\/www.lafresca.fm\/entrevista-con-humi-guill-alcaldesa-onil\/","title":{"rendered":"ENTREVISTA con Humi Guill, alcaldesa Onil"},"content":{"rendered":"\n<p>\ud83d\udcfb LA_ENTREVISTA, con Humi Guill. \ud83c\udfdb \ud83c\udfd8 Con la alcaldesa de Onil, repasamos diferentes cuestiones relacionadas con la actualidad municipal. Entre ellas, destacan temas como las obras en los pol\u00edgonos industriales, palacio, torre del campanario y cuestiones como la agenda urbana, instalaciones deportivas y subvenciones.<\/p>\n\n\n\n<p>Ha habido tiempo tambi\u00e9n de tratar la noticia de su candidatura a la alcald\u00eda en las elecciones de mayo, hermanamiento con Las Navas de San Juan, as\u00ed como el premio que recibir\u00e1 el M.I. Ayuntamiento de Onil por parte del colectivo LGTBI Ponts d&#8217; Igualtat.<\/p>\n\n\n\n<figure class=\"wp-block-audio\"><audio controls src=\"https:\/\/www.lafresca.fm\/f-solosog\/2023\/02\/Enrevista-Alcaldesa-onil-9223-ok.mp3\"><\/audio><\/figure>\n\n\n\n<figure class=\"wp-block-image size-large\"><img fetchpriority=\"high\" decoding=\"async\" width=\"1170\" height=\"878\" src=\"https:\/\/www.lafresca.fm\/f-solosog\/2023\/02\/humi-guill-9223-1170x878.jpg\" alt=\"\" class=\"wp-image-8127\" srcset=\"https:\/\/www.lafresca.fm\/f-solosog\/2023\/02\/humi-guill-9223-1170x878.jpg 1170w, https:\/\/www.lafresca.fm\/f-solosog\/2023\/02\/humi-guill-9223-770x578.jpg 770w, https:\/\/www.lafresca.fm\/f-solosog\/2023\/02\/humi-guill-9223-768x576.jpg 768w, https:\/\/www.lafresca.fm\/f-solosog\/2023\/02\/humi-guill-9223-1536x1152.jpg 1536w, https:\/\/www.lafresca.fm\/f-solosog\/2023\/02\/humi-guill-9223.jpg 2000w\" sizes=\"(max-width: 1170px) 100vw, 1170px\" \/><figcaption class=\"wp-element-caption\">Foto: Humi Guill, alcaldesa de Onil<\/figcaption><\/figure>\n<script>function PlayerjsAsync(){} if(window[\"Playerjs\"]){PlayerjsAsync();}<\/script>","protected":false},"excerpt":{"rendered":"<p>\ud83d\udcfb LA_ENTREVISTA, con Humi Guill. \ud83c\udfdb \ud83c\udfd8 Con la alcaldesa de Onil, repasamos diferentes cuestiones relacionadas con la actualidad municipal. Entre ellas, destacan temas como las obras en los pol\u00edgonos industriales, palacio, torre del campanario y cuestiones como la agenda urbana, instalaciones deportivas y subvenciones. Ha habido tiempo tambi\u00e9n de ...<\/p>\n","protected":false},"author":2,"featured_media":8127,"comment_status":"closed","ping_status":"closed","sticky":false,"template":"","format":"standard","meta":{"_monsterinsights_skip_tracking":false,"_monsterinsights_sitenote_active":false,"_monsterinsights_sitenote_note":"","_monsterinsights_sitenote_category":0,"footnotes":""},"categories":[4],"tags":[176,133],"class_list":["post-8125","post","type-post","status-publish","format-standard","has-post-thumbnail","hentry","category-alicante","tag-humi-guill","tag-onil"],"aioseo_notices":[],"_links":{"self":[{"href":"https:\/\/www.lafresca.fm\/fresca-api-json\/wp\/v2\/posts\/8125","targetHints":{"allow":["GET"]}}],"collection":[{"href":"https:\/\/www.lafresca.fm\/fresca-api-json\/wp\/v2\/posts"}],"about":[{"href":"https:\/\/www.lafresca.fm\/fresca-api-json\/wp\/v2\/types\/post"}],"author":[{"embeddable":true,"href":"https:\/\/www.lafresca.fm\/fresca-api-json\/wp\/v2\/users\/2"}],"replies":[{"embeddable":true,"href":"https:\/\/www.lafresca.fm\/fresca-api-json\/wp\/v2\/comments?post=8125"}],"version-history":[{"count":1,"href":"https:\/\/www.lafresca.fm\/fresca-api-json\/wp\/v2\/posts\/8125\/revisions"}],"predecessor-version":[{"id":8128,"href":"https:\/\/www.lafresca.fm\/fresca-api-json\/wp\/v2\/posts\/8125\/revisions\/8128"}],"wp:featuredmedia":[{"embeddable":true,"href":"https:\/\/www.lafresca.fm\/fresca-api-json\/wp\/v2\/media\/8127"}],"wp:attachment":[{"href":"https:\/\/www.lafresca.fm\/fresca-api-json\/wp\/v2\/media?parent=8125"}],"wp:term":[{"taxonomy":"category","embeddable":true,"href":"https:\/\/www.lafresca.fm\/fresca-api-json\/wp\/v2\/categories?post=8125"},{"taxonomy":"post_tag","embeddable":true,"href":"https:\/\/www.lafresca.fm\/fresca-api-json\/wp\/v2\/tags?post=8125"}],"curies":[{"name":"wp","href":"https:\/\/api.w.org\/{rel}","templated":true}]}}