{"id":8133,"date":"2023-02-10T09:19:13","date_gmt":"2023-02-10T08:19:13","guid":{"rendered":"https:\/\/www.lafresca.fm\/?p=8133"},"modified":"2023-02-20T12:52:39","modified_gmt":"2023-02-20T11:52:39","slug":"el-ibense-javier-miron-gana-los-800m-de-mondeville-francia-categoria-plata-del-world-indoor-tour","status":"publish","type":"post","link":"https:\/\/www.lafresca.fm\/el-ibense-javier-miron-gana-los-800m-de-mondeville-francia-categoria-plata-del-world-indoor-tour\/","title":{"rendered":"El Ibense Javier Mir\u00f3n gana los 800m de Mondeville (Francia) categor\u00eda plata del World Indoor Tour"},"content":{"rendered":"\n<p>Con 23 a\u00f1os reci\u00e9n cumplidos, el Ibense ha conseguido los 800 metros en 1:49.51 y lo hace despu\u00e9s de haber estado a\u00f1o y medio fuera de las pistas por lesi\u00f3n.<\/p>\n\n\n\n<p>Es la historia de Javier Mir\u00f3n, de Ibi, que este mi\u00e9rcoles gan\u00f3 los 800 metros de Mondeville (Francia), cita de categor\u00eda plata del World Indoor Tour, y un aldabonazo para pelear por volver a convertirse en un referente de la prueba en Espa\u00f1a. Mir\u00f3n y sus dos coletas sujetando su melena en la nuca luch\u00f3 su posici\u00f3n y cuando vio que los 400m se pasaban demasiado lentos (53,74s),&nbsp;insisti\u00f3 por fuera, atac\u00f3 valiente hacia la cabeza cuando son\u00f3 la campana y aguant\u00f3 su sitio hasta el final.&nbsp;Solo dos cent\u00e9simas le sobraron frente al brit\u00e1nico Daniel Rowden, uno de 1:44 pelados al aire libre.<\/p>\n\n\n\n<p>Una pena que la carrera fuera tan lenta, porque&nbsp;<strong>s<\/strong>us 1:49.51 ni siquiera son la mejor marca de su regreso&nbsp;(1:47.93 firm\u00f3 hace unos d\u00edas en Sabadell)&nbsp;y a\u00fan no le sirven para hacerse un sitio en Estambul, pero el triunfo confirma que sus mejores d\u00edas se acercan.<\/p>\n\n\n\n<p>Javier se encuentra a tan s\u00f3lo 8 d\u00edas del Campeonato de Espa\u00f1a, nuevo examen para certificar su crecimiento de cara al Europeo del pr\u00f3ximo mes de marzo en Estambul, aunque necesita la m\u00ednima de 1:46.75. <\/p>\n<script>function PlayerjsAsync(){} if(window[\"Playerjs\"]){PlayerjsAsync();}<\/script>","protected":false},"excerpt":{"rendered":"<p>Con 23 a\u00f1os reci\u00e9n cumplidos, el Ibense ha conseguido los 800 metros en 1:49.51 y lo hace despu\u00e9s de haber estado a\u00f1o y medio fuera de las pistas por lesi\u00f3n. Es la historia de Javier Mir\u00f3n, de Ibi, que este mi\u00e9rcoles gan\u00f3 los 800 metros de Mondeville (Francia), cita de ...<\/p>\n","protected":false},"author":2,"featured_media":0,"comment_status":"closed","ping_status":"closed","sticky":false,"template":"","format":"standard","meta":{"_monsterinsights_skip_tracking":false,"_monsterinsights_sitenote_active":false,"_monsterinsights_sitenote_note":"","_monsterinsights_sitenote_category":0,"footnotes":""},"categories":[4],"tags":[128],"class_list":["post-8133","post","type-post","status-publish","format-standard","hentry","category-alicante","tag-ibi"],"aioseo_notices":[],"_links":{"self":[{"href":"https:\/\/www.lafresca.fm\/fresca-api-json\/wp\/v2\/posts\/8133","targetHints":{"allow":["GET"]}}],"collection":[{"href":"https:\/\/www.lafresca.fm\/fresca-api-json\/wp\/v2\/posts"}],"about":[{"href":"https:\/\/www.lafresca.fm\/fresca-api-json\/wp\/v2\/types\/post"}],"author":[{"embeddable":true,"href":"https:\/\/www.lafresca.fm\/fresca-api-json\/wp\/v2\/users\/2"}],"replies":[{"embeddable":true,"href":"https:\/\/www.lafresca.fm\/fresca-api-json\/wp\/v2\/comments?post=8133"}],"version-history":[{"count":3,"href":"https:\/\/www.lafresca.fm\/fresca-api-json\/wp\/v2\/posts\/8133\/revisions"}],"predecessor-version":[{"id":8213,"href":"https:\/\/www.lafresca.fm\/fresca-api-json\/wp\/v2\/posts\/8133\/revisions\/8213"}],"wp:attachment":[{"href":"https:\/\/www.lafresca.fm\/fresca-api-json\/wp\/v2\/media?parent=8133"}],"wp:term":[{"taxonomy":"category","embeddable":true,"href":"https:\/\/www.lafresca.fm\/fresca-api-json\/wp\/v2\/categories?post=8133"},{"taxonomy":"post_tag","embeddable":true,"href":"https:\/\/www.lafresca.fm\/fresca-api-json\/wp\/v2\/tags?post=8133"}],"curies":[{"name":"wp","href":"https:\/\/api.w.org\/{rel}","templated":true}]}}