{"id":8144,"date":"2023-02-13T12:02:51","date_gmt":"2023-02-13T11:02:51","guid":{"rendered":"https:\/\/www.lafresca.fm\/?p=8144"},"modified":"2023-02-13T12:02:54","modified_gmt":"2023-02-13T11:02:54","slug":"la-feria-de-san-isidro-de-castalla-abre-el-plazo-de-solicitud-a-los-expositores-que-quieran-participar-en-2023","status":"publish","type":"post","link":"https:\/\/www.lafresca.fm\/la-feria-de-san-isidro-de-castalla-abre-el-plazo-de-solicitud-a-los-expositores-que-quieran-participar-en-2023\/","title":{"rendered":"La Feria de San Isidro de Castalla abre el plazo de solicitud a los expositores que quieran participar en 2023"},"content":{"rendered":"\n<p>El Ayuntamiento mantiene derogadas las tasas por ocupaci\u00f3n de la v\u00eda p\u00fablica, y, por tanto, los comercios participantes en el evento no tendr\u00e1n que pagar<\/p>\n\n\n\n<p>En la XXIX edici\u00f3n, la organizaci\u00f3n pretende consolidar el formato que se puso en escena en 2022, con mejoras sustanciales para expositores y visitantes<\/p>\n\n\n\n<p>El Ayuntamiento de Castalla ha abierto el periodo de solicitud a los expositores que quieran participar en la Feria de San Isidro 2023, que tendr\u00e1 lugar los d\u00edas 12, 13 y 14 de mayo. En la XXIX edici\u00f3n, la organizaci\u00f3n pretende consolidar el formato que se puso en escena en 2022, con mejoras sustanciales para expositores y visitantes. Este a\u00f1o el Consistorio mantiene activa la derogaci\u00f3n de las tasas por ocupaci\u00f3n de la v\u00eda p\u00fablica.<\/p>\n\n\n\n<figure class=\"wp-block-image size-large\"><img fetchpriority=\"high\" decoding=\"async\" width=\"1170\" height=\"540\" src=\"https:\/\/www.lafresca.fm\/f-solosog\/2023\/02\/281853865_10159775930681768_5579830445238917998_n-1170x540.jpg\" alt=\"\" class=\"wp-image-8145\" srcset=\"https:\/\/www.lafresca.fm\/f-solosog\/2023\/02\/281853865_10159775930681768_5579830445238917998_n-1170x540.jpg 1170w, https:\/\/www.lafresca.fm\/f-solosog\/2023\/02\/281853865_10159775930681768_5579830445238917998_n-770x356.jpg 770w, https:\/\/www.lafresca.fm\/f-solosog\/2023\/02\/281853865_10159775930681768_5579830445238917998_n-768x355.jpg 768w, https:\/\/www.lafresca.fm\/f-solosog\/2023\/02\/281853865_10159775930681768_5579830445238917998_n-1536x709.jpg 1536w, https:\/\/www.lafresca.fm\/f-solosog\/2023\/02\/281853865_10159775930681768_5579830445238917998_n.jpg 1600w\" sizes=\"(max-width: 1170px) 100vw, 1170px\" \/><\/figure>\n\n\n\n<p>El evento es una referencia ferial de la zona y re\u00fane las mejores muestras de automoci\u00f3n, maquinaria agr\u00edcola y artesan\u00edas en una novedosa distribuci\u00f3n de los sectores de exposici\u00f3n que ocupar\u00e1 casi 30.000 metros cuadrados. Se trata de una distribuci\u00f3n c\u00f3moda y ordenada que har\u00e1 que se obtenga un escenario perfecto para disfrutar de una oferta atractiva para todos los p\u00fablicos.<\/p>\n\n\n\n<p>El alcalde de la localidad, Antonio Bernabeu, ha destacado \u201cel esfuerzo que realizamos desde el Ayuntamiento con la derogaci\u00f3n de la tasa por ocupaci\u00f3n de la v\u00eda p\u00fablica por segundo a\u00f1o consecutivo\u201d. Seg\u00fan el primer edil, \u201cen 2022 esto respond\u00eda a la necesidad de revitalizar la feria despu\u00e9s del par\u00f3n obligado a causa de la pandemia. Ahora mantenemos la medida con el objetivo de mantener el atractivo de los expositores y conseguir una Feria de San Isidro espectacular, por lo que trabajamos desde hace muchos a\u00f1os\u201d.<\/p>\n\n\n\n<p>As\u00ed, los comercios que participen en la feria medieval no tendr\u00e1n pagar ninguna tasa. Entre ellos, podemos contar los puestos, barracas, casetas, espect\u00e1culos, atracciones o puntos de venta ambulantes. Todos ellos estar\u00e1n agrupados en tres zonas comerciales: atracciones, expositores y zonas de venta. La parte comercial, que comprender\u00e1 la principal arteria Rep. Argentina con la automoci\u00f3n, maquinaria y gran formato complementada con el sector de alimentaci\u00f3n y el multicomercial de asociaciones, turismo y productos varios. En segundo lugar, alrededor del Parque Municipal y la parte contigua del casco antiguo encontraremos la parte de ocio, gastronom\u00eda, m\u00fasica y recreaci\u00f3n de \u00e1rea tem\u00e1tica. Y, por \u00faltimo, seguir\u00e1 estando presente la feria infantil de atracciones y anejos en la Avda. Onil y calles perpendiculares<\/p>\n\n\n\n<p>Las personas interesadas en obtener la autorizaci\u00f3n municipal para participar en la Feria de San Isidro deben presentar la solicitud al Ayuntamiento hasta el d\u00eda 31 de marzo, despu\u00e9s de la aprobaci\u00f3n por parte de la Junta de Gobierno Local. En ella deben constar sus datos personales, la actividad que pretenden desarrollar y las dimensiones de las instalaciones. Toda la informaci\u00f3n al respecto se puede obtener en la web www.feriasanisidrocastalla.com.<\/p>\n\n\n\n<p>Adem\u00e1s, a expensas de cerrar la programaci\u00f3n cultural y actividades oficiales de 2023, el Ayuntamiento est\u00e1 trabajando en una dotaci\u00f3n de servicios importantes para<\/p>\n\n\n\n<p>expositores y visitantes. El objetivo de la organizaci\u00f3n es facilitar la participaci\u00f3n de los expositores aumentando la prestaci\u00f3n respecto a anteriores ediciones; Al mismo tiempo que los visitantes cuenten con las prestaciones necesarias para disfrutar de una visita grata: aparcamientos, puntos de informaci\u00f3n, zonas comunes, wc, etc.<\/p>\n<script>function PlayerjsAsync(){} if(window[\"Playerjs\"]){PlayerjsAsync();}<\/script>","protected":false},"excerpt":{"rendered":"<p>El Ayuntamiento mantiene derogadas las tasas por ocupaci\u00f3n de la v\u00eda p\u00fablica, y, por tanto, los comercios participantes en el evento no tendr\u00e1n que pagar En la XXIX edici\u00f3n, la organizaci\u00f3n pretende consolidar el formato que se puso en escena en 2022, con mejoras sustanciales para expositores y visitantes El ...<\/p>\n","protected":false},"author":2,"featured_media":8145,"comment_status":"closed","ping_status":"closed","sticky":false,"template":"","format":"standard","meta":{"_monsterinsights_skip_tracking":false,"_monsterinsights_sitenote_active":false,"_monsterinsights_sitenote_note":"","_monsterinsights_sitenote_category":0,"footnotes":""},"categories":[4],"tags":[144],"class_list":["post-8144","post","type-post","status-publish","format-standard","has-post-thumbnail","hentry","category-alicante","tag-castalla"],"aioseo_notices":[],"_links":{"self":[{"href":"https:\/\/www.lafresca.fm\/fresca-api-json\/wp\/v2\/posts\/8144","targetHints":{"allow":["GET"]}}],"collection":[{"href":"https:\/\/www.lafresca.fm\/fresca-api-json\/wp\/v2\/posts"}],"about":[{"href":"https:\/\/www.lafresca.fm\/fresca-api-json\/wp\/v2\/types\/post"}],"author":[{"embeddable":true,"href":"https:\/\/www.lafresca.fm\/fresca-api-json\/wp\/v2\/users\/2"}],"replies":[{"embeddable":true,"href":"https:\/\/www.lafresca.fm\/fresca-api-json\/wp\/v2\/comments?post=8144"}],"version-history":[{"count":1,"href":"https:\/\/www.lafresca.fm\/fresca-api-json\/wp\/v2\/posts\/8144\/revisions"}],"predecessor-version":[{"id":8146,"href":"https:\/\/www.lafresca.fm\/fresca-api-json\/wp\/v2\/posts\/8144\/revisions\/8146"}],"wp:featuredmedia":[{"embeddable":true,"href":"https:\/\/www.lafresca.fm\/fresca-api-json\/wp\/v2\/media\/8145"}],"wp:attachment":[{"href":"https:\/\/www.lafresca.fm\/fresca-api-json\/wp\/v2\/media?parent=8144"}],"wp:term":[{"taxonomy":"category","embeddable":true,"href":"https:\/\/www.lafresca.fm\/fresca-api-json\/wp\/v2\/categories?post=8144"},{"taxonomy":"post_tag","embeddable":true,"href":"https:\/\/www.lafresca.fm\/fresca-api-json\/wp\/v2\/tags?post=8144"}],"curies":[{"name":"wp","href":"https:\/\/api.w.org\/{rel}","templated":true}]}}