{"id":8161,"date":"2023-02-14T15:56:57","date_gmt":"2023-02-14T14:56:57","guid":{"rendered":"https:\/\/www.lafresca.fm\/?p=8161"},"modified":"2023-02-14T15:56:58","modified_gmt":"2023-02-14T14:56:58","slug":"entrevista-campana-convivencia-de-animales-en-via-publica-onil-con-antonio-palazon-y-maria-selles","status":"publish","type":"post","link":"https:\/\/www.lafresca.fm\/entrevista-campana-convivencia-de-animales-en-via-publica-onil-con-antonio-palazon-y-maria-selles\/","title":{"rendered":"Entrevista: Campa\u00f1a convivencia de animales en v\u00eda p\u00fablica Onil, con Antonio Palaz\u00f3n y Mar\u00eda Sell\u00e9s."},"content":{"rendered":"\n<p>\ud83d\udcfb LA_ENTREVISTA, con Antonio Palaz\u00f3n, Inspector Jefe de la Polic\u00eda Local Onil quien conjuntamente con Maria Sell\u00e9s, Educadora Ambiental del Consorcio de Residuos Crea, nos han explicado en qu\u00e9 consiste la campa\u00f1a ya iniciada para una convivencia responsable de animales en la v\u00eda p\u00fablica, tal y como publicamos en d\u00edas anteriores: <a href=\"https:\/\/www.lafresca.fm\/onil-inicia-una-campana-para-una-convivencia-responsable-de-animales-en-la-via-publica\/\">https:\/\/www.lafresca.fm\/onil-inicia-una-campana-para-una-convivencia-responsable-de-animales-en-la-via-publica\/<\/a><\/p>\n\n\n\n<figure class=\"wp-block-audio\"><audio controls src=\"https:\/\/www.lafresca.fm\/f-solosog\/2023\/02\/Enrevista-Policia-onil-14223-ok.mp3\"><\/audio><\/figure>\n\n\n\n<figure class=\"wp-block-image size-large\"><img fetchpriority=\"high\" decoding=\"async\" width=\"1170\" height=\"878\" src=\"https:\/\/www.lafresca.fm\/f-solosog\/2023\/02\/policia-onil-14223-1170x878.jpg\" alt=\"\" class=\"wp-image-8162\" srcset=\"https:\/\/www.lafresca.fm\/f-solosog\/2023\/02\/policia-onil-14223-1170x878.jpg 1170w, https:\/\/www.lafresca.fm\/f-solosog\/2023\/02\/policia-onil-14223-770x578.jpg 770w, https:\/\/www.lafresca.fm\/f-solosog\/2023\/02\/policia-onil-14223-768x576.jpg 768w, https:\/\/www.lafresca.fm\/f-solosog\/2023\/02\/policia-onil-14223-1536x1152.jpg 1536w, https:\/\/www.lafresca.fm\/f-solosog\/2023\/02\/policia-onil-14223.jpg 2048w\" sizes=\"(max-width: 1170px) 100vw, 1170px\" \/><figcaption class=\"wp-element-caption\">Mar\u00eda Sell\u00e9s y Antonio Palaz\u00f3n, Educadora Ambiental y Jefe de la Polic\u00eda de Onil<\/figcaption><\/figure>\n\n\n\n<p><\/p>\n\n\n\n<p><\/p>\n<script>function PlayerjsAsync(){} if(window[\"Playerjs\"]){PlayerjsAsync();}<\/script>","protected":false},"excerpt":{"rendered":"<p>\ud83d\udcfb LA_ENTREVISTA, con Antonio Palaz\u00f3n, Inspector Jefe de la Polic\u00eda Local Onil quien conjuntamente con Maria Sell\u00e9s, Educadora Ambiental del Consorcio de Residuos Crea, nos han explicado en qu\u00e9 consiste la campa\u00f1a ya iniciada para una convivencia responsable de animales en la v\u00eda p\u00fablica, tal y como publicamos en d\u00edas ...<\/p>\n","protected":false},"author":2,"featured_media":8162,"comment_status":"closed","ping_status":"closed","sticky":false,"template":"","format":"standard","meta":{"_monsterinsights_skip_tracking":false,"_monsterinsights_sitenote_active":false,"_monsterinsights_sitenote_note":"","_monsterinsights_sitenote_category":0,"footnotes":""},"categories":[4],"tags":[317,133],"class_list":["post-8161","post","type-post","status-publish","format-standard","has-post-thumbnail","hentry","category-alicante","tag-campana-animales","tag-onil"],"aioseo_notices":[],"_links":{"self":[{"href":"https:\/\/www.lafresca.fm\/fresca-api-json\/wp\/v2\/posts\/8161","targetHints":{"allow":["GET"]}}],"collection":[{"href":"https:\/\/www.lafresca.fm\/fresca-api-json\/wp\/v2\/posts"}],"about":[{"href":"https:\/\/www.lafresca.fm\/fresca-api-json\/wp\/v2\/types\/post"}],"author":[{"embeddable":true,"href":"https:\/\/www.lafresca.fm\/fresca-api-json\/wp\/v2\/users\/2"}],"replies":[{"embeddable":true,"href":"https:\/\/www.lafresca.fm\/fresca-api-json\/wp\/v2\/comments?post=8161"}],"version-history":[{"count":1,"href":"https:\/\/www.lafresca.fm\/fresca-api-json\/wp\/v2\/posts\/8161\/revisions"}],"predecessor-version":[{"id":8164,"href":"https:\/\/www.lafresca.fm\/fresca-api-json\/wp\/v2\/posts\/8161\/revisions\/8164"}],"wp:featuredmedia":[{"embeddable":true,"href":"https:\/\/www.lafresca.fm\/fresca-api-json\/wp\/v2\/media\/8162"}],"wp:attachment":[{"href":"https:\/\/www.lafresca.fm\/fresca-api-json\/wp\/v2\/media?parent=8161"}],"wp:term":[{"taxonomy":"category","embeddable":true,"href":"https:\/\/www.lafresca.fm\/fresca-api-json\/wp\/v2\/categories?post=8161"},{"taxonomy":"post_tag","embeddable":true,"href":"https:\/\/www.lafresca.fm\/fresca-api-json\/wp\/v2\/tags?post=8161"}],"curies":[{"name":"wp","href":"https:\/\/api.w.org\/{rel}","templated":true}]}}