{"id":8165,"date":"2023-02-15T15:49:22","date_gmt":"2023-02-15T14:49:22","guid":{"rendered":"https:\/\/www.lafresca.fm\/?p=8165"},"modified":"2023-02-15T15:49:24","modified_gmt":"2023-02-15T14:49:24","slug":"el-ibense-alejandro-verdu-ha-sido-convocado-por-la-seleccion-espanola-de-bmx-que-se-concentra-desde-hoy-en-portugal","status":"publish","type":"post","link":"https:\/\/www.lafresca.fm\/el-ibense-alejandro-verdu-ha-sido-convocado-por-la-seleccion-espanola-de-bmx-que-se-concentra-desde-hoy-en-portugal\/","title":{"rendered":"El Ibense Alejandro Verd\u00fa ha sido convocado por la Selecci\u00f3n Espa\u00f1ola de BMX que se concentra desde hoy en Portugal"},"content":{"rendered":"\n<h4 class=\"wp-block-heading\"><strong>El combinado nacional de BMX estar\u00e1 concentrado en la localidad lusa hasta el 20 de febrero para entrenar en grupo y planificar el comienzo del curso.<\/strong><\/h4>\n\n\n\n<figure class=\"wp-block-image size-large is-resized\"><img fetchpriority=\"high\" decoding=\"async\" src=\"https:\/\/www.lafresca.fm\/f-solosog\/2023\/02\/326402984_912566530164492_1680563750704901776_n-947x1170.jpg\" alt=\"\" class=\"wp-image-8166\" width=\"759\" height=\"937\" srcset=\"https:\/\/www.lafresca.fm\/f-solosog\/2023\/02\/326402984_912566530164492_1680563750704901776_n-947x1170.jpg 947w, https:\/\/www.lafresca.fm\/f-solosog\/2023\/02\/326402984_912566530164492_1680563750704901776_n-623x770.jpg 623w, https:\/\/www.lafresca.fm\/f-solosog\/2023\/02\/326402984_912566530164492_1680563750704901776_n-768x949.jpg 768w, https:\/\/www.lafresca.fm\/f-solosog\/2023\/02\/326402984_912566530164492_1680563750704901776_n.jpg 1080w\" sizes=\"(max-width: 759px) 100vw, 759px\" \/><figcaption class=\"wp-element-caption\">Alejandro Verd\u00fa <\/figcaption><\/figure>\n\n\n\n<p>Desde el d\u00eda 15 hasta el pr\u00f3ximo lunes 20 de febrero, la Selecci\u00f3n Espa\u00f1ola de BMX estar\u00e1 concentrada en la poblaci\u00f3n portuguesa de Anadia para establecer una primera toma de contacto con los corredores y coordinar la preparaci\u00f3n del grupo trabajo de cara a las pr\u00f3ximas citas europeas.\u00a0<\/p>\n\n\n\n<p>La lista final de 13 &#8216;riders&#8217; con los que el seleccionador Alejandro Alcojor podr\u00e1 contar la conforman&nbsp;<strong>los Sub23 Marc Rom\u00e1n, Carlos Ordo\u00f1ez, Pablo Garc\u00eda, Adriana Dom\u00ednguez y Mariona Calvis<\/strong>; acompa\u00f1ados de&nbsp;<strong>los juniors Yago S\u00e1nchez, Alejandro Garc\u00eda, Lara Palacio, Alejandro Verd\u00fa, \u00c1ngel Heras, Fabiola Contamina, Carla G\u00f3mez y Paula Fern\u00e1ndez<\/strong>. En primera instancia, el listado estaba confeccionado por un total de 19 deportistas, pero la cifra se ha visto reducida a \u00faltima hora a causa de varias lesiones.&nbsp;&nbsp;<\/p>\n\n\n\n<figure class=\"wp-block-image\"><img decoding=\"async\" src=\"https:\/\/yosoyciclista.s3.amazonaws.com\/documentos\/smartweb\/noticia\/51116\/descripcion\/doc_63eb5ee30ff665.36683166_Foto-2.jpg\" alt=\"\"\/><\/figure>\n\n\n\n<p>El prometedor conjunto nacional gozar\u00e1 a partir de ma\u00f1ana de una magn\u00edfica oportunidad para desarrollar nuevas aptitudes y habilidades t\u00e9cnicas sobre el circuito de Anadia, dentro de un bloque de gran nivel que tiene el enfoque establecido sobre las pruebas de la Copa de Europa del presente 2023.&nbsp;&nbsp;<\/p>\n\n\n\n<p>Uno de los objetivos fijados para esta concentraci\u00f3n consiste en adquirir una mejor capacidad para afrontar las rampas del supercross, con el prop\u00f3sito de acostumbrar a los reci\u00e9n llegados a las condiciones en las que se desarrollar\u00e1n las pr\u00f3ximas competiciones internacionales; y que tendr\u00e1n lugar a partir de marzo con la disputa de las dos primeras rondas del certamen continental en Verona.&nbsp;<\/p>\n<script>function PlayerjsAsync(){} if(window[\"Playerjs\"]){PlayerjsAsync();}<\/script>","protected":false},"excerpt":{"rendered":"<p>El combinado nacional de BMX estar\u00e1 concentrado en la localidad lusa hasta el 20 de febrero para entrenar en grupo y planificar el comienzo del curso. Desde el d\u00eda 15 hasta el pr\u00f3ximo lunes 20 de febrero, la Selecci\u00f3n Espa\u00f1ola de BMX estar\u00e1 concentrada en la poblaci\u00f3n portuguesa de Anadia ...<\/p>\n","protected":false},"author":2,"featured_media":8166,"comment_status":"closed","ping_status":"closed","sticky":false,"template":"","format":"standard","meta":{"_monsterinsights_skip_tracking":false,"_monsterinsights_sitenote_active":false,"_monsterinsights_sitenote_note":"","_monsterinsights_sitenote_category":0,"footnotes":""},"categories":[4],"tags":[],"class_list":["post-8165","post","type-post","status-publish","format-standard","has-post-thumbnail","hentry","category-alicante"],"aioseo_notices":[],"_links":{"self":[{"href":"https:\/\/www.lafresca.fm\/fresca-api-json\/wp\/v2\/posts\/8165","targetHints":{"allow":["GET"]}}],"collection":[{"href":"https:\/\/www.lafresca.fm\/fresca-api-json\/wp\/v2\/posts"}],"about":[{"href":"https:\/\/www.lafresca.fm\/fresca-api-json\/wp\/v2\/types\/post"}],"author":[{"embeddable":true,"href":"https:\/\/www.lafresca.fm\/fresca-api-json\/wp\/v2\/users\/2"}],"replies":[{"embeddable":true,"href":"https:\/\/www.lafresca.fm\/fresca-api-json\/wp\/v2\/comments?post=8165"}],"version-history":[{"count":1,"href":"https:\/\/www.lafresca.fm\/fresca-api-json\/wp\/v2\/posts\/8165\/revisions"}],"predecessor-version":[{"id":8167,"href":"https:\/\/www.lafresca.fm\/fresca-api-json\/wp\/v2\/posts\/8165\/revisions\/8167"}],"wp:featuredmedia":[{"embeddable":true,"href":"https:\/\/www.lafresca.fm\/fresca-api-json\/wp\/v2\/media\/8166"}],"wp:attachment":[{"href":"https:\/\/www.lafresca.fm\/fresca-api-json\/wp\/v2\/media?parent=8165"}],"wp:term":[{"taxonomy":"category","embeddable":true,"href":"https:\/\/www.lafresca.fm\/fresca-api-json\/wp\/v2\/categories?post=8165"},{"taxonomy":"post_tag","embeddable":true,"href":"https:\/\/www.lafresca.fm\/fresca-api-json\/wp\/v2\/tags?post=8165"}],"curies":[{"name":"wp","href":"https:\/\/api.w.org\/{rel}","templated":true}]}}