{"id":8172,"date":"2023-02-15T17:13:41","date_gmt":"2023-02-15T16:13:41","guid":{"rendered":"https:\/\/www.lafresca.fm\/?p=8172"},"modified":"2023-02-15T17:13:43","modified_gmt":"2023-02-15T16:13:43","slug":"rutas-magicas-por-los-increibles-parajes-de-ibi","status":"publish","type":"post","link":"https:\/\/www.lafresca.fm\/rutas-magicas-por-los-increibles-parajes-de-ibi\/","title":{"rendered":"Rutas M\u00e1gicas por los Incre\u00edbles Parajes de Ibi"},"content":{"rendered":"\n<p>El Museo de la Biodiversidad de Ibi, junto a la Estaci\u00f3n Biol\u00f3gica de Torretes, presenta la programaci\u00f3n de \u201cRutes m\u00e0giques pels paratges d\u2019Ibi 2023\u201d. Un paseo por los alrededores de nuestra poblaci\u00f3n que podr\u00e1n disfrutar mayores y peque\u00f1os durante todo el a\u00f1o, con un nivel de dificultad media. Todo el que quiera podr\u00e1 disponer del carnet para ir cu\u00f1\u00e1ndolo en cada ruta y cumplir el reto de hacerlas todas o las m\u00e1ximas posibles.<\/p>\n\n\n\n<p>La primera tendr\u00e1 lugar el 4 de marzo, con salida en coche a las 9:00 h desde el Ayuntamiento de Ibi, al \u201cParatge del Nevador i Pla del Simarro\u201d. Tambi\u00e9n en marzo, el d\u00eda 25, se realizar\u00e1 la salida al \u201cParatge de la sevillana i els Cabe\u00e7ols\u201d, a las 9:00 h, con salida en coche desde el consistorio.<\/p>\n\n\n\n<figure class=\"wp-block-image size-full\"><img fetchpriority=\"high\" decoding=\"async\" width=\"1020\" height=\"765\" src=\"https:\/\/www.lafresca.fm\/f-solosog\/2023\/02\/Captura-1.png\" alt=\"\" class=\"wp-image-8173\" srcset=\"https:\/\/www.lafresca.fm\/f-solosog\/2023\/02\/Captura-1.png 1020w, https:\/\/www.lafresca.fm\/f-solosog\/2023\/02\/Captura-1-770x578.png 770w, https:\/\/www.lafresca.fm\/f-solosog\/2023\/02\/Captura-1-768x576.png 768w\" sizes=\"(max-width: 1020px) 100vw, 1020px\" \/><\/figure>\n\n\n\n<p>El \u201cParatge del Salviar i Puntal dels Cremats\u201d podr\u00e1 recorrerse el 6 de mayo, con salida en coche desde el Ayuntamiento, a las 9:00 h. Y el que quiera conocer \u201cLa carril\u00e0 de la serp. Centro Hist\u00f3rico de Ibi\u201d, tendr\u00e1 su oportunidad el 3 de junio, desde la plaza de la Palla, a las 11:00 h.<\/p>\n\n\n\n<p>Saltando los meses de m\u00e1s calor, septiembre comenzar\u00e1 de nuevo con las rutas visitando, el 30 de septiembre, el \u201cParatge de l\u2019Alcaid i Penyeta l\u2019\u00c0guila\u201d, con salida en coche desde el Ayuntamiento, a las 9:00 h. El 21 de octubre, desde el Museo de la Biodiversidad, a las 9:00 h, se partir\u00e1 hacia el \u201cParatge de Fernova i Serra Grossa\u201d, y el 25 de noviembre, desde el consistorio, en coche, la ruta a visitar ser\u00e1 \u201cParatge de la buitrera i Rac\u00f3 de les Rates\u201d.<\/p>\n\n\n\n<p>Finalmente, el 24 de diciembre, se realizar\u00e1 una subida a la \u201cTeixereta i Serrallo\u201d, desde el Museo de la Biodiversidad. Las visitas no necesitan inscripci\u00f3n y bastar\u00e1 con las ganas de visitar y disfrutar del maravilloso entorno del que estamos rodeados, no solo observ\u00e1ndolo sino tambi\u00e9n conoci\u00e9ndolo con mayor profundidad.<\/p>\n<script>function PlayerjsAsync(){} if(window[\"Playerjs\"]){PlayerjsAsync();}<\/script>","protected":false},"excerpt":{"rendered":"<p>La primera tendr\u00e1 lugar el 4 de marzo<\/p>\n","protected":false},"author":2,"featured_media":8173,"comment_status":"closed","ping_status":"closed","sticky":false,"template":"","format":"standard","meta":{"_monsterinsights_skip_tracking":false,"_monsterinsights_sitenote_active":false,"_monsterinsights_sitenote_note":"","_monsterinsights_sitenote_category":0,"footnotes":""},"categories":[4],"tags":[128],"class_list":["post-8172","post","type-post","status-publish","format-standard","has-post-thumbnail","hentry","category-alicante","tag-ibi"],"aioseo_notices":[],"_links":{"self":[{"href":"https:\/\/www.lafresca.fm\/fresca-api-json\/wp\/v2\/posts\/8172","targetHints":{"allow":["GET"]}}],"collection":[{"href":"https:\/\/www.lafresca.fm\/fresca-api-json\/wp\/v2\/posts"}],"about":[{"href":"https:\/\/www.lafresca.fm\/fresca-api-json\/wp\/v2\/types\/post"}],"author":[{"embeddable":true,"href":"https:\/\/www.lafresca.fm\/fresca-api-json\/wp\/v2\/users\/2"}],"replies":[{"embeddable":true,"href":"https:\/\/www.lafresca.fm\/fresca-api-json\/wp\/v2\/comments?post=8172"}],"version-history":[{"count":1,"href":"https:\/\/www.lafresca.fm\/fresca-api-json\/wp\/v2\/posts\/8172\/revisions"}],"predecessor-version":[{"id":8174,"href":"https:\/\/www.lafresca.fm\/fresca-api-json\/wp\/v2\/posts\/8172\/revisions\/8174"}],"wp:featuredmedia":[{"embeddable":true,"href":"https:\/\/www.lafresca.fm\/fresca-api-json\/wp\/v2\/media\/8173"}],"wp:attachment":[{"href":"https:\/\/www.lafresca.fm\/fresca-api-json\/wp\/v2\/media?parent=8172"}],"wp:term":[{"taxonomy":"category","embeddable":true,"href":"https:\/\/www.lafresca.fm\/fresca-api-json\/wp\/v2\/categories?post=8172"},{"taxonomy":"post_tag","embeddable":true,"href":"https:\/\/www.lafresca.fm\/fresca-api-json\/wp\/v2\/tags?post=8172"}],"curies":[{"name":"wp","href":"https:\/\/api.w.org\/{rel}","templated":true}]}}