{"id":8176,"date":"2023-02-16T11:21:56","date_gmt":"2023-02-16T10:21:56","guid":{"rendered":"https:\/\/www.lafresca.fm\/?p=8176"},"modified":"2023-02-16T11:21:59","modified_gmt":"2023-02-16T10:21:59","slug":"el-consorcio-de-residuos-crea-realiza-talleres-de-elaboracion-de-jabon-con-aceite-usado","status":"publish","type":"post","link":"https:\/\/www.lafresca.fm\/el-consorcio-de-residuos-crea-realiza-talleres-de-elaboracion-de-jabon-con-aceite-usado\/","title":{"rendered":"El Consorcio de Residuos Crea realiza talleres de elaboraci\u00f3n de jab\u00f3n con aceite usado."},"content":{"rendered":"\n<p>En el marco de la campa\u00f1a de concienciaci\u00f3n para el reciclaje del aceite de cocina usado, el Consorcio CREA realizar\u00e1 14 talleres en los municipios de su \u00e1rea de gesti\u00f3n<\/p>\n\n\n\n<p>Los talleres, gratuitos y destinados a p\u00fablico adulto, se llevan a cabo por educadores ambientales especializados<\/p>\n\n\n\n<p>El Consorcio de residuos CREA ha puesto en marcha, en los 14 municipios de su \u00e1rea de gesti\u00f3n, nuevos talleres de reciclaje que ense\u00f1ar\u00e1n de manera amena y did\u00e1ctica c\u00f3mo elaborar jab\u00f3n sostenible a partir de aceite de cocina usado.<\/p>\n\n\n\n<p>La iniciativa forma parte de la campa\u00f1a de concienciaci\u00f3n para el reciclaje del aceite de cocina usado, llevada a cabo por el consorcio, tras la implantaci\u00f3n de 194 contenedores de recogida selectiva de aceite dom\u00e9stico usado en 12 municipios de su \u00e1rea. Concretamente, el Consorcio CREA ha instalado estos contenedores en Banyeres de Mariola, Beneixama, Biar, Campo de Mirra, Castalla, Elda, Mon\u00f3var, Onil, Petrer, Salinas, Sax y Villena. La ciudadan\u00eda de los municipios que no disponen de estos contenedores puede llevar el aceite usado, en botella o garrafa de pl\u00e1stico bien cerrada, al ecoparque fijo o m\u00f3vil del consorcio m\u00e1s cercano.<\/p>\n\n\n\n<figure class=\"wp-block-image size-large\"><img fetchpriority=\"high\" decoding=\"async\" width=\"1170\" height=\"1118\" src=\"https:\/\/www.lafresca.fm\/f-solosog\/2023\/02\/Jabon-1-1170x1118.jpeg\" alt=\"\" class=\"wp-image-8177\" srcset=\"https:\/\/www.lafresca.fm\/f-solosog\/2023\/02\/Jabon-1-1170x1118.jpeg 1170w, https:\/\/www.lafresca.fm\/f-solosog\/2023\/02\/Jabon-1-770x736.jpeg 770w, https:\/\/www.lafresca.fm\/f-solosog\/2023\/02\/Jabon-1-768x734.jpeg 768w, https:\/\/www.lafresca.fm\/f-solosog\/2023\/02\/Jabon-1-1536x1468.jpeg 1536w, https:\/\/www.lafresca.fm\/f-solosog\/2023\/02\/Jabon-1.jpeg 1606w\" sizes=\"(max-width: 1170px) 100vw, 1170px\" \/><\/figure>\n\n\n\n<p>Los talleres, que han empezado en Biar y se alargar\u00e1n hasta principios de marzo, van dirigidos al p\u00fablico adulto y son de car\u00e1cter gratuito. La convocatoria de los mismos ser\u00e1 anunciada por cada ayuntamiento para facilitar la inscripci\u00f3n de aquellos vecinos y vecinas que puedan estar interesados. Se puede obtener m\u00e1s informaci\u00f3n en el correo electr\u00f3nico comunicacio@creaconsorci.org.<\/p>\n\n\n\n<p>El equipo especializado de educaci\u00f3n ambiental que llevar\u00e1 a cabo los talleres realizar\u00e1 una charla informativa sobre el reciclaje del aceite de cocina usado y explicar\u00e1 a las personas asistentes c\u00f3mo realizar una correcta separaci\u00f3n en origen para evitar impactos medioambientales que pueden generar este tipo de residuos.<\/p>\n\n\n\n<p>Cabe destacar que los aceites usados son altamente contaminantes si no son tratados adecuadamente. Es por ello que desde el Consorcio CREA se fomenta y facilita su recogida selectiva para la fabricaci\u00f3n de combustibles sostenibles no f\u00f3siles y se incentiva a la ciudadan\u00eda a realizar actuaciones de reciclaje del aceite usado tambi\u00e9n a nivel dom\u00e9stico.<\/p>\n\n\n\n<p><strong>Ejemplo de econom\u00eda circular<\/strong><\/p>\n\n\n\n<p>Los talleres tambi\u00e9n ayudar\u00e1n a familiarizar a los asistentes con los conceptos propios de la econom\u00eda circular, como la reducci\u00f3n, reutilizaci\u00f3n y reciclaje de residuos que, como en el caso del aceite usado, pueden convertirse en otros recursos, entre ellos un jab\u00f3n sostenible y natural.<\/p>\n\n\n\n<p>Al finalizar el taller, los asistentes recibir\u00e1n una muestra de jab\u00f3n realizada a partir de aceite de cocina usado, adem\u00e1s de disponer de la receta para la posterior realizaci\u00f3n del jab\u00f3n en casa, siguiendo el proceso practicado en el taller.<\/p>\n\n\n\n<p>En palabras del presidente del Consorcio, Fulgencio Cerd\u00e1n, \u201cme alegra ver que estamos dando pasos en la direcci\u00f3n correcta. Con estos talleres informamos, sensibilizamos y formamos a la ciudadan\u00eda en h\u00e1bitos m\u00e1s sostenibles. La econom\u00eda circular solo se conseguir\u00e1 con la implicaci\u00f3n y participaci\u00f3n de todos y todas. Estos talleres permiten a la ciudadan\u00eda dar un paso m\u00e1s en este apasionante camino y ser creativa en la reutilizaci\u00f3n y reciclaje de los residuos\u201d.<\/p>\n\n\n\n<p>Cabe recordar que el Consorcio CREA es la entidad p\u00fablica responsable del tratamiento, valorizaci\u00f3n y eliminaci\u00f3n de los residuos generados en los 14 municipios del Plan Zonal 8, \u00c1rea de Gesti\u00f3n A3 (comarcas del Alto y Medio Vinalop\u00f3 y l\u2019Alcoi\u00e0): Banyeres de Mariola, Beneixama, Biar, Campo de Mirra, Ca\u00f1ada, Castalla, Elda, Mon\u00f3var, Onil, Petrer, Pinoso, Salinas, Sax y Villena. Junto a estas 14 entidades locales, son miembros del Consorcio CREA, la Generalitat Valenciana y la Diputaci\u00f3n Provincial de Alicante.<\/p>\n<script>function PlayerjsAsync(){} if(window[\"Playerjs\"]){PlayerjsAsync();}<\/script>","protected":false},"excerpt":{"rendered":"<p>En el marco de la campa\u00f1a de concienciaci\u00f3n para el reciclaje del aceite de cocina usado<\/p>\n","protected":false},"author":2,"featured_media":8177,"comment_status":"closed","ping_status":"closed","sticky":false,"template":"","format":"standard","meta":{"_monsterinsights_skip_tracking":false,"_monsterinsights_sitenote_active":false,"_monsterinsights_sitenote_note":"","_monsterinsights_sitenote_category":0,"footnotes":""},"categories":[4],"tags":[],"class_list":["post-8176","post","type-post","status-publish","format-standard","has-post-thumbnail","hentry","category-alicante"],"aioseo_notices":[],"_links":{"self":[{"href":"https:\/\/www.lafresca.fm\/fresca-api-json\/wp\/v2\/posts\/8176","targetHints":{"allow":["GET"]}}],"collection":[{"href":"https:\/\/www.lafresca.fm\/fresca-api-json\/wp\/v2\/posts"}],"about":[{"href":"https:\/\/www.lafresca.fm\/fresca-api-json\/wp\/v2\/types\/post"}],"author":[{"embeddable":true,"href":"https:\/\/www.lafresca.fm\/fresca-api-json\/wp\/v2\/users\/2"}],"replies":[{"embeddable":true,"href":"https:\/\/www.lafresca.fm\/fresca-api-json\/wp\/v2\/comments?post=8176"}],"version-history":[{"count":1,"href":"https:\/\/www.lafresca.fm\/fresca-api-json\/wp\/v2\/posts\/8176\/revisions"}],"predecessor-version":[{"id":8178,"href":"https:\/\/www.lafresca.fm\/fresca-api-json\/wp\/v2\/posts\/8176\/revisions\/8178"}],"wp:featuredmedia":[{"embeddable":true,"href":"https:\/\/www.lafresca.fm\/fresca-api-json\/wp\/v2\/media\/8177"}],"wp:attachment":[{"href":"https:\/\/www.lafresca.fm\/fresca-api-json\/wp\/v2\/media?parent=8176"}],"wp:term":[{"taxonomy":"category","embeddable":true,"href":"https:\/\/www.lafresca.fm\/fresca-api-json\/wp\/v2\/categories?post=8176"},{"taxonomy":"post_tag","embeddable":true,"href":"https:\/\/www.lafresca.fm\/fresca-api-json\/wp\/v2\/tags?post=8176"}],"curies":[{"name":"wp","href":"https:\/\/api.w.org\/{rel}","templated":true}]}}