{"id":8249,"date":"2023-02-23T09:40:03","date_gmt":"2023-02-23T08:40:03","guid":{"rendered":"https:\/\/www.lafresca.fm\/?p=8249"},"modified":"2023-02-23T09:40:05","modified_gmt":"2023-02-23T08:40:05","slug":"reunion-sobre-los-moros-y-cristianos-de-onil-en-el-desfile-de-la-hispanidad-en-nueva-york-2023","status":"publish","type":"post","link":"https:\/\/www.lafresca.fm\/reunion-sobre-los-moros-y-cristianos-de-onil-en-el-desfile-de-la-hispanidad-en-nueva-york-2023\/","title":{"rendered":"Reuni\u00f3n sobre los Moros y Cristianos de Onil en el &#8220;Desfile de la Hispanidad&#8221; en Nueva York 2023"},"content":{"rendered":"\n<p>Para todos aquellos festeros interesados en asistir\/participar en el &#8220;Desfile de la Hispanidad&#8221; en Nueva York 2023, se informa que se va a realizar una Reuni\u00f3n Informativa el pr\u00f3ximo lunes 27 de febrero, a las 19:30 h, en el sal\u00f3n de actos de la sede de la Asociaci\u00f3n de Comparsas de Moros y Cristianos &#8220;Virgen de la Salud&#8221; de Onil (Avda. de la Constituci\u00f3n, 20).<\/p>\n\n\n\n<p>\u00a1Esperamos vuestra <a><\/a>asistencia!. Gracias por vuestra colaboraci\u00f3n.<\/p>\n\n\n\n<p>Un saludo,<\/p>\n\n\n\n<p>Asociaci\u00f3n de Comparsas de Moros y Cristianos de Onil<\/p>\n<script>function PlayerjsAsync(){} if(window[\"Playerjs\"]){PlayerjsAsync();}<\/script>","protected":false},"excerpt":{"rendered":"<p>Para todos aquellos festeros interesados en asistir\/participar en el &#8220;Desfile de la Hispanidad&#8221; en Nueva York 2023, se informa que se va a realizar una Reuni\u00f3n Informativa el pr\u00f3ximo lunes 27 de febrero, a las 19:30 h, en el sal\u00f3n de actos de la sede de la Asociaci\u00f3n de Comparsas ...<\/p>\n","protected":false},"author":2,"featured_media":8251,"comment_status":"closed","ping_status":"closed","sticky":false,"template":"","format":"standard","meta":{"_monsterinsights_skip_tracking":false,"_monsterinsights_sitenote_active":false,"_monsterinsights_sitenote_note":"","_monsterinsights_sitenote_category":0,"footnotes":""},"categories":[4],"tags":[335,133],"class_list":["post-8249","post","type-post","status-publish","format-standard","has-post-thumbnail","hentry","category-alicante","tag-desfile-new-york","tag-onil"],"aioseo_notices":[],"_links":{"self":[{"href":"https:\/\/www.lafresca.fm\/fresca-api-json\/wp\/v2\/posts\/8249","targetHints":{"allow":["GET"]}}],"collection":[{"href":"https:\/\/www.lafresca.fm\/fresca-api-json\/wp\/v2\/posts"}],"about":[{"href":"https:\/\/www.lafresca.fm\/fresca-api-json\/wp\/v2\/types\/post"}],"author":[{"embeddable":true,"href":"https:\/\/www.lafresca.fm\/fresca-api-json\/wp\/v2\/users\/2"}],"replies":[{"embeddable":true,"href":"https:\/\/www.lafresca.fm\/fresca-api-json\/wp\/v2\/comments?post=8249"}],"version-history":[{"count":1,"href":"https:\/\/www.lafresca.fm\/fresca-api-json\/wp\/v2\/posts\/8249\/revisions"}],"predecessor-version":[{"id":8252,"href":"https:\/\/www.lafresca.fm\/fresca-api-json\/wp\/v2\/posts\/8249\/revisions\/8252"}],"wp:featuredmedia":[{"embeddable":true,"href":"https:\/\/www.lafresca.fm\/fresca-api-json\/wp\/v2\/media\/8251"}],"wp:attachment":[{"href":"https:\/\/www.lafresca.fm\/fresca-api-json\/wp\/v2\/media?parent=8249"}],"wp:term":[{"taxonomy":"category","embeddable":true,"href":"https:\/\/www.lafresca.fm\/fresca-api-json\/wp\/v2\/categories?post=8249"},{"taxonomy":"post_tag","embeddable":true,"href":"https:\/\/www.lafresca.fm\/fresca-api-json\/wp\/v2\/tags?post=8249"}],"curies":[{"name":"wp","href":"https:\/\/api.w.org\/{rel}","templated":true}]}}