{"id":8268,"date":"2023-02-24T11:03:53","date_gmt":"2023-02-24T10:03:53","guid":{"rendered":"https:\/\/www.lafresca.fm\/?p=8268"},"modified":"2023-02-24T11:03:55","modified_gmt":"2023-02-24T10:03:55","slug":"el-psoe-de-ibi-aprueba-por-unanimidad-la-lista-electoral-a-las-elecciones-municipales-de-mayo","status":"publish","type":"post","link":"https:\/\/www.lafresca.fm\/el-psoe-de-ibi-aprueba-por-unanimidad-la-lista-electoral-a-las-elecciones-municipales-de-mayo\/","title":{"rendered":"El PSOE de Ibi aprueba por unanimidad la lista electoral a las Elecciones municipales de mayo"},"content":{"rendered":"\n<p>La agrupaci\u00f3n socialista aprob\u00f3 por unanimidad la lista electoral a las Elecciones municipales de 28 mayo, en la asamblea general que se celebr\u00f3 ayer jueves.<\/p>\n\n\n\n<p>El Secretario General y candidato socialista a las Elecciones, Sergio Carrasco, explica que la lista que encabeza y que se har\u00e1 p\u00fablica en breve, \u00absupone una continuidad con respecto a la legislatura pasada, aunque hay cambios en los primeros puestos, con algunas incorporaciones\u00bb.<\/p>\n\n\n\n<p>Carrasco afirma que \u00aben esta lista se ha primado la experiencia de los concejales actuales y en los fichajes nuevos, su capacidad de gesti\u00f3n y compromiso con el trabajo\u00bb y explica que \u00ablo que sigue siendo una constante es la presencia de j\u00f3venes preparados, con ganas de trabajar por Ibi y de ideas progresistas\u00bb.<\/p>\n\n\n\n<p>Como en la anterior cita electoral, la lista socialista se cierra con Susana Hidalgo, Antonio Martos y Vicente Garc\u00eda, los tres \u00faltimos candidatos socialistas a la alcald\u00eda, algo que, seg\u00fan Carrasco \u00abrepresenta la uni\u00f3n y el apoyo de la agrupaci\u00f3n, en la que juventud y experiencia no compiten sino colaboran\u00bb.<\/p>\n\n\n\n<p>\u00abSiempre hemos elegido a las mejores personas para trabajar por Ibi y ahora lo volvemos a hacer\u00bb \u2013 conclu\u00eda el candidato socialista.<\/p>\n<script>function PlayerjsAsync(){} if(window[\"Playerjs\"]){PlayerjsAsync();}<\/script>","protected":false},"excerpt":{"rendered":"<p>La agrupaci\u00f3n socialista aprob\u00f3 por unanimidad la lista electoral a las Elecciones municipales de 28 mayo, en la asamblea general que se celebr\u00f3 ayer jueves. El Secretario General y candidato socialista a las Elecciones, Sergio Carrasco, explica que la lista que encabeza y que se har\u00e1 p\u00fablica en breve, \u00absupone ...<\/p>\n","protected":false},"author":2,"featured_media":8269,"comment_status":"closed","ping_status":"closed","sticky":false,"template":"","format":"standard","meta":{"_monsterinsights_skip_tracking":false,"_monsterinsights_sitenote_active":false,"_monsterinsights_sitenote_note":"","_monsterinsights_sitenote_category":0,"footnotes":""},"categories":[4],"tags":[338,128],"class_list":["post-8268","post","type-post","status-publish","format-standard","has-post-thumbnail","hentry","category-alicante","tag-elecciones28mayo","tag-ibi"],"aioseo_notices":[],"_links":{"self":[{"href":"https:\/\/www.lafresca.fm\/fresca-api-json\/wp\/v2\/posts\/8268","targetHints":{"allow":["GET"]}}],"collection":[{"href":"https:\/\/www.lafresca.fm\/fresca-api-json\/wp\/v2\/posts"}],"about":[{"href":"https:\/\/www.lafresca.fm\/fresca-api-json\/wp\/v2\/types\/post"}],"author":[{"embeddable":true,"href":"https:\/\/www.lafresca.fm\/fresca-api-json\/wp\/v2\/users\/2"}],"replies":[{"embeddable":true,"href":"https:\/\/www.lafresca.fm\/fresca-api-json\/wp\/v2\/comments?post=8268"}],"version-history":[{"count":1,"href":"https:\/\/www.lafresca.fm\/fresca-api-json\/wp\/v2\/posts\/8268\/revisions"}],"predecessor-version":[{"id":8270,"href":"https:\/\/www.lafresca.fm\/fresca-api-json\/wp\/v2\/posts\/8268\/revisions\/8270"}],"wp:featuredmedia":[{"embeddable":true,"href":"https:\/\/www.lafresca.fm\/fresca-api-json\/wp\/v2\/media\/8269"}],"wp:attachment":[{"href":"https:\/\/www.lafresca.fm\/fresca-api-json\/wp\/v2\/media?parent=8268"}],"wp:term":[{"taxonomy":"category","embeddable":true,"href":"https:\/\/www.lafresca.fm\/fresca-api-json\/wp\/v2\/categories?post=8268"},{"taxonomy":"post_tag","embeddable":true,"href":"https:\/\/www.lafresca.fm\/fresca-api-json\/wp\/v2\/tags?post=8268"}],"curies":[{"name":"wp","href":"https:\/\/api.w.org\/{rel}","templated":true}]}}