{"id":8288,"date":"2023-03-01T09:58:29","date_gmt":"2023-03-01T08:58:29","guid":{"rendered":"https:\/\/www.lafresca.fm\/?p=8288"},"modified":"2023-03-01T09:58:31","modified_gmt":"2023-03-01T08:58:31","slug":"las-obras-de-la-plaza-de-santa-ana-y-el-parque-del-platano-de-biar-superan-los-160-000-euros","status":"publish","type":"post","link":"https:\/\/www.lafresca.fm\/las-obras-de-la-plaza-de-santa-ana-y-el-parque-del-platano-de-biar-superan-los-160-000-euros\/","title":{"rendered":"Las obras de la Plaza de Santa Ana y el parque del Pl\u00e1tano de Biar superan los 160.000 euros"},"content":{"rendered":"\n<p>Las dos licitaciones est\u00e1n en marcha y se costear\u00e1 con fondos del Plan de Diputaci\u00f3n + Cerca y 56.000 euros a cargo de las arcas municipales<\/p>\n\n\n\n<p>Las obras de la adecuaci\u00f3n de la explanada del Pl\u00e1tano y de la plaza de Santa Ana se han licitado por un valor de 160.000 euros, de los cuales en Ayuntamiento aporta 56.000 euros y el resto del coste lo sufraga la Diputaci\u00f3n Provincial de Alicante, dentro la l\u00ednea de ayudas +Cerca.<\/p>\n\n\n\n<figure class=\"wp-block-image size-large\"><img fetchpriority=\"high\" decoding=\"async\" width=\"1170\" height=\"878\" src=\"https:\/\/www.lafresca.fm\/f-solosog\/2023\/03\/Plaza-de-Santa-Ana-Biar-1170x878.jpeg\" alt=\"\" class=\"wp-image-8289\" srcset=\"https:\/\/www.lafresca.fm\/f-solosog\/2023\/03\/Plaza-de-Santa-Ana-Biar-1170x878.jpeg 1170w, https:\/\/www.lafresca.fm\/f-solosog\/2023\/03\/Plaza-de-Santa-Ana-Biar-770x578.jpeg 770w, https:\/\/www.lafresca.fm\/f-solosog\/2023\/03\/Plaza-de-Santa-Ana-Biar-768x576.jpeg 768w, https:\/\/www.lafresca.fm\/f-solosog\/2023\/03\/Plaza-de-Santa-Ana-Biar-1536x1152.jpeg 1536w, https:\/\/www.lafresca.fm\/f-solosog\/2023\/03\/Plaza-de-Santa-Ana-Biar.jpeg 2016w\" sizes=\"(max-width: 1170px) 100vw, 1170px\" \/><\/figure>\n\n\n\n<p>La actuaci\u00f3n en la Plaza de Santa Ana se centra en la eliminaci\u00f3n de la arena de la peque\u00f1a \u00e1rea de esparcimiento de la zona. Esta se adoquinar\u00e1 y se crear\u00e1 un muro de asientos.<\/p>\n\n\n\n<p>Adem\u00e1s, con el objetivo de recuperar espacios para la vida ciudadana se va a replantear y ordenar la explanada del paseo del parque del Pl\u00e1tano que, en la actualidad, se ha convertido en un aparcamiento p\u00fablico. La idea es ampliar este parque con una zona de arbolado, pavimentar con adoqu\u00edn parte del espacio y ordenar los distintos usos, entre ellos el de aparcamiento, de la amplia \u00e1rea. Mart\u00ednez ha subrayado que \u201cla actuaci\u00f3n est\u00e1 en periodo de licitaci\u00f3n y espero que, en breve, arranquen las obras\u201d.<\/p>\n<script>function PlayerjsAsync(){} if(window[\"Playerjs\"]){PlayerjsAsync();}<\/script>","protected":false},"excerpt":{"rendered":"<p>La obras est\u00e1n financiadas con fondos del Plan de Diputaci\u00f3n + Cerca<\/p>\n","protected":false},"author":2,"featured_media":8289,"comment_status":"closed","ping_status":"closed","sticky":false,"template":"","format":"standard","meta":{"_monsterinsights_skip_tracking":false,"_monsterinsights_sitenote_active":false,"_monsterinsights_sitenote_note":"","_monsterinsights_sitenote_category":0,"footnotes":""},"categories":[4],"tags":[146],"class_list":["post-8288","post","type-post","status-publish","format-standard","has-post-thumbnail","hentry","category-alicante","tag-biar"],"aioseo_notices":[],"_links":{"self":[{"href":"https:\/\/www.lafresca.fm\/fresca-api-json\/wp\/v2\/posts\/8288","targetHints":{"allow":["GET"]}}],"collection":[{"href":"https:\/\/www.lafresca.fm\/fresca-api-json\/wp\/v2\/posts"}],"about":[{"href":"https:\/\/www.lafresca.fm\/fresca-api-json\/wp\/v2\/types\/post"}],"author":[{"embeddable":true,"href":"https:\/\/www.lafresca.fm\/fresca-api-json\/wp\/v2\/users\/2"}],"replies":[{"embeddable":true,"href":"https:\/\/www.lafresca.fm\/fresca-api-json\/wp\/v2\/comments?post=8288"}],"version-history":[{"count":1,"href":"https:\/\/www.lafresca.fm\/fresca-api-json\/wp\/v2\/posts\/8288\/revisions"}],"predecessor-version":[{"id":8290,"href":"https:\/\/www.lafresca.fm\/fresca-api-json\/wp\/v2\/posts\/8288\/revisions\/8290"}],"wp:featuredmedia":[{"embeddable":true,"href":"https:\/\/www.lafresca.fm\/fresca-api-json\/wp\/v2\/media\/8289"}],"wp:attachment":[{"href":"https:\/\/www.lafresca.fm\/fresca-api-json\/wp\/v2\/media?parent=8288"}],"wp:term":[{"taxonomy":"category","embeddable":true,"href":"https:\/\/www.lafresca.fm\/fresca-api-json\/wp\/v2\/categories?post=8288"},{"taxonomy":"post_tag","embeddable":true,"href":"https:\/\/www.lafresca.fm\/fresca-api-json\/wp\/v2\/tags?post=8288"}],"curies":[{"name":"wp","href":"https:\/\/api.w.org\/{rel}","templated":true}]}}