{"id":8294,"date":"2023-03-01T10:58:35","date_gmt":"2023-03-01T09:58:35","guid":{"rendered":"https:\/\/www.lafresca.fm\/?p=8294"},"modified":"2023-03-01T10:58:38","modified_gmt":"2023-03-01T09:58:38","slug":"castalla-organiza-la-cuarta-semana-de-la-mujer-con-motivo-del-8m-con-talleres-charlas-cine-y-scape-room","status":"publish","type":"post","link":"https:\/\/www.lafresca.fm\/castalla-organiza-la-cuarta-semana-de-la-mujer-con-motivo-del-8m-con-talleres-charlas-cine-y-scape-room\/","title":{"rendered":"Castalla organiza la cuarta Semana de la Mujer con motivo del 8M con talleres, charlas, cine y \u2018scape room\u2019"},"content":{"rendered":"\n<p>La concejal\u00eda de Bienestar Social ha preparado una amplia programaci\u00f3n para celebrar el D\u00eda Internacional de la Mujer entre el 6 y el 11 de marzo<\/p>\n\n\n\n<p>El Ayuntamiento de Castalla ha presentado la cuarta edici\u00f3n de su Semana de la Mujer con una amplia programaci\u00f3n con la que se quiere conmemorar el 8 de Marzo el D\u00eda Internacional de la Mujer. La concejal\u00eda de Bienestar Social ha preparado todo tipo de actividades que se extender\u00e1n durante seis d\u00edas, entre otras, talleres, charlas, sesiones de cine o \u2018scape room\u2019 centradas en la tem\u00e1tica de la mujer, la igualdad y el feminismo.<\/p>\n\n\n\n<p>La concejala de Bienestar Social e Igualdad, Maite Gimeno, ha destacado \u201cel trabajo continuado del Ayuntamiento por la igualdad entre hombres y mujeres, ya que es la cuarta edici\u00f3n de la Semana de la Mujer que organizamos en Castalla, con la participaci\u00f3n de una gran cantidad de personas de nuestra ciudad\u201d. Seg\u00fan Gimeno, esto \u201cha contribuido a concienciar a nuestra ciudadan\u00eda y avanzar en materia de igualdad real y efectiva. Por eso, animamos a toda la poblaci\u00f3n a participar en las actividades que proponemos\u201d.<\/p>\n\n\n\n<figure class=\"wp-block-image size-full\"><img fetchpriority=\"high\" decoding=\"async\" width=\"940\" height=\"788\" src=\"https:\/\/www.lafresca.fm\/f-solosog\/2023\/03\/IV-Setmana-de-la-Dona-Castalla.png\" alt=\"\" class=\"wp-image-8296\" srcset=\"https:\/\/www.lafresca.fm\/f-solosog\/2023\/03\/IV-Setmana-de-la-Dona-Castalla.png 940w, https:\/\/www.lafresca.fm\/f-solosog\/2023\/03\/IV-Setmana-de-la-Dona-Castalla-770x645.png 770w, https:\/\/www.lafresca.fm\/f-solosog\/2023\/03\/IV-Setmana-de-la-Dona-Castalla-768x644.png 768w\" sizes=\"(max-width: 940px) 100vw, 940px\" \/><\/figure>\n\n\n\n<p>Durante las jornadas previas al 8M, el Ayuntamiento ha programado m\u00faltiples propuestas para todos los p\u00fablicos. Los actos comenzar\u00e1n el lunes 6 de marzo, con el taller de yoga para principiantes, que tendr\u00e1 lugar en el Polideportivo Municipal en horario de ma\u00f1ana. El d\u00eda 7 el Auditorio acoger\u00e1 el taller de autocuidados \u2018Merezco cuidarme\u2019, impartido por Marina Gonz\u00e1lez de SALUDHABLE.<\/p>\n\n\n\n<p>El plato fuerte de la semana se desarrollar\u00e1 durante el mismo 8 de Marzo, D\u00eda Internacional de la Mujer. La ma\u00f1ana comenzar\u00e1 con el taller de chapas y \u2018Pasapalabra\u2019 en la Casa de Cultura. En este lugar a mediod\u00eda, sobre las 12:00 horas, se realizar\u00e1 la lectura del manifiesto institucional del 8M con el objetivo de alzar la voz para conmemorar esta jornada tan importante para las mujeres. Por la tarde se celebrar\u00e1 la \u2018scape room\u2019 llamada \u2018\u00danete al movimiento\u2019, una actividad divertida para reflexionar juntas.<\/p>\n\n\n\n<p>Los actos no acaban aqu\u00ed. El jueves 9 de marzo es el momento del taller \u2018Herstory\u2019, una iniciativa para profundizar en la voz de las mujeres cient\u00edficas, en el Espai Jove. Al d\u00eda siguiente, el viernes 10, Carolina Bornay impartir\u00e1 por la ma\u00f1ana la charla \u2018Potencia el autoapoyo, cuida tu autoestima\u2019 en el Auditorio municipal. Finalmente, el s\u00e1bado 11 de marzo se proyectar\u00e1 la pel\u00edcula \u2018Figuras ocultas\u2019, en una sesi\u00f3n de cine gratuita en la Casa de Cultura.<\/p>\n\n\n\n<p>Por su parte, la coordinadora del \u00e1rea de Servicios Sociales, M\u00f3nica Mart\u00ednez, ha animado a la poblaci\u00f3n \u201ca participar en todas las actividades que hemos preparado para la IV Semana de la Mujer, que se ha consolidado como un referente del movimiento feminista en Castalla\u201d. Seg\u00fan M\u00f3nica Mart\u00ednez, \u201cgracias al trabajo colectivo que realizamos con gente de todas las edades y grupos sociales, seguimos avanzando en la igualdad de g\u00e9nero para construir una ciudad mejor para todos y todas\u201d.<\/p>\n<script>function PlayerjsAsync(){} if(window[\"Playerjs\"]){PlayerjsAsync();}<\/script>","protected":false},"excerpt":{"rendered":"<p>La concejal\u00eda de Bienestar Social ha preparado una amplia programaci\u00f3n para celebrar el D\u00eda Internacional de la Mujer entre el 6 y el 11 de marzo El Ayuntamiento de Castalla ha presentado la cuarta edici\u00f3n de su Semana de la Mujer con una amplia programaci\u00f3n con la que se quiere ...<\/p>\n","protected":false},"author":2,"featured_media":8295,"comment_status":"closed","ping_status":"closed","sticky":false,"template":"","format":"standard","meta":{"_monsterinsights_skip_tracking":false,"_monsterinsights_sitenote_active":false,"_monsterinsights_sitenote_note":"","_monsterinsights_sitenote_category":0,"footnotes":""},"categories":[4],"tags":[343,144],"class_list":["post-8294","post","type-post","status-publish","format-standard","has-post-thumbnail","hentry","category-alicante","tag-8m","tag-castalla"],"aioseo_notices":[],"_links":{"self":[{"href":"https:\/\/www.lafresca.fm\/fresca-api-json\/wp\/v2\/posts\/8294","targetHints":{"allow":["GET"]}}],"collection":[{"href":"https:\/\/www.lafresca.fm\/fresca-api-json\/wp\/v2\/posts"}],"about":[{"href":"https:\/\/www.lafresca.fm\/fresca-api-json\/wp\/v2\/types\/post"}],"author":[{"embeddable":true,"href":"https:\/\/www.lafresca.fm\/fresca-api-json\/wp\/v2\/users\/2"}],"replies":[{"embeddable":true,"href":"https:\/\/www.lafresca.fm\/fresca-api-json\/wp\/v2\/comments?post=8294"}],"version-history":[{"count":1,"href":"https:\/\/www.lafresca.fm\/fresca-api-json\/wp\/v2\/posts\/8294\/revisions"}],"predecessor-version":[{"id":8297,"href":"https:\/\/www.lafresca.fm\/fresca-api-json\/wp\/v2\/posts\/8294\/revisions\/8297"}],"wp:featuredmedia":[{"embeddable":true,"href":"https:\/\/www.lafresca.fm\/fresca-api-json\/wp\/v2\/media\/8295"}],"wp:attachment":[{"href":"https:\/\/www.lafresca.fm\/fresca-api-json\/wp\/v2\/media?parent=8294"}],"wp:term":[{"taxonomy":"category","embeddable":true,"href":"https:\/\/www.lafresca.fm\/fresca-api-json\/wp\/v2\/categories?post=8294"},{"taxonomy":"post_tag","embeddable":true,"href":"https:\/\/www.lafresca.fm\/fresca-api-json\/wp\/v2\/tags?post=8294"}],"curies":[{"name":"wp","href":"https:\/\/api.w.org\/{rel}","templated":true}]}}