{"id":8298,"date":"2023-03-01T15:19:04","date_gmt":"2023-03-01T14:19:04","guid":{"rendered":"https:\/\/www.lafresca.fm\/?p=8298"},"modified":"2023-03-01T15:19:06","modified_gmt":"2023-03-01T14:19:06","slug":"el-castallense-pablo-fuster-seleccionado-por-la-seleccion-valenciana-de-frontenis-para-el-campeonato-de-espana","status":"publish","type":"post","link":"https:\/\/www.lafresca.fm\/el-castallense-pablo-fuster-seleccionado-por-la-seleccion-valenciana-de-frontenis-para-el-campeonato-de-espana\/","title":{"rendered":"El Castallense Pablo Fuster, seleccionado por la Selecci\u00f3n Valenciana de Frontenis para el campeonato de Espa\u00f1a"},"content":{"rendered":"\n<p><img decoding=\"async\" height=\"16\" width=\"16\" src=\"https:\/\/static.xx.fbcdn.net\/images\/emoji.php\/v9\/tce\/1\/16\/1f3be.png\" alt=\"\ud83c\udfbe\"> El joven jugador de Castalla, Pablo Fuster Leal, perteneciente al <a href=\"https:\/\/www.facebook.com\/profile.php?id=100085834130854&amp;__cft__[0]=AZWlphNP2zQ0jCnbG2v2yIgj-i99fME8vfjiczqtRZaIeGv4-oVgvSfXMAljpzV3ZDO2Zr4yRORdZXWz2kBpc71Eesq1wA395aNTJOOQjl6kGKNqeT6bnws76SJ-HDntMHHtvAifi9yTHY4S6-mvMdR8ZDZb9c2YBJRH2rbu8g2rmItn8yai_aumIN2kHKUKz9U&amp;__tn__=-]K-R\">Club Frontenis Castalla<\/a>, ha sido seleccionado por la Selecci\u00f3n Valenciana de Frontenis para celebrar el campeonato de Espa\u00f1a por federaciones, en la modalidad de preol\u00edmpica y la categor\u00eda de cadete, que se celebrar\u00e1 los d\u00edas del 9 al 12 de Marzo en la ciudad Jienense de Torredelcampo. Enhorabuena<\/p>\n\n\n\n<figure class=\"wp-block-image size-large\"><img fetchpriority=\"high\" decoding=\"async\" width=\"875\" height=\"1170\" src=\"https:\/\/www.lafresca.fm\/f-solosog\/2023\/03\/331621634_730427365246633_4113145543004165163_n-875x1170.jpg\" alt=\"\" class=\"wp-image-8299\" srcset=\"https:\/\/www.lafresca.fm\/f-solosog\/2023\/03\/331621634_730427365246633_4113145543004165163_n-875x1170.jpg 875w, https:\/\/www.lafresca.fm\/f-solosog\/2023\/03\/331621634_730427365246633_4113145543004165163_n-576x770.jpg 576w, https:\/\/www.lafresca.fm\/f-solosog\/2023\/03\/331621634_730427365246633_4113145543004165163_n-768x1027.jpg 768w, https:\/\/www.lafresca.fm\/f-solosog\/2023\/03\/331621634_730427365246633_4113145543004165163_n-1149x1536.jpg 1149w, https:\/\/www.lafresca.fm\/f-solosog\/2023\/03\/331621634_730427365246633_4113145543004165163_n.jpg 1532w\" sizes=\"(max-width: 875px) 100vw, 875px\" \/><\/figure>\n<script>function PlayerjsAsync(){} if(window[\"Playerjs\"]){PlayerjsAsync();}<\/script>","protected":false},"excerpt":{"rendered":"<p>El joven jugador de Castalla, Pablo Fuster Leal, perteneciente al Club Frontenis Castalla, ha sido seleccionado por la Selecci\u00f3n Valenciana de Frontenis para celebrar el campeonato de Espa\u00f1a por federaciones, en la modalidad de preol\u00edmpica y la categor\u00eda de cadete, que se celebrar\u00e1 los d\u00edas del 9 al 12 de ...<\/p>\n","protected":false},"author":2,"featured_media":8299,"comment_status":"closed","ping_status":"closed","sticky":false,"template":"","format":"standard","meta":{"_monsterinsights_skip_tracking":false,"_monsterinsights_sitenote_active":false,"_monsterinsights_sitenote_note":"","_monsterinsights_sitenote_category":0,"footnotes":""},"categories":[4],"tags":[144,344],"class_list":["post-8298","post","type-post","status-publish","format-standard","has-post-thumbnail","hentry","category-alicante","tag-castalla","tag-frontenis"],"aioseo_notices":[],"_links":{"self":[{"href":"https:\/\/www.lafresca.fm\/fresca-api-json\/wp\/v2\/posts\/8298","targetHints":{"allow":["GET"]}}],"collection":[{"href":"https:\/\/www.lafresca.fm\/fresca-api-json\/wp\/v2\/posts"}],"about":[{"href":"https:\/\/www.lafresca.fm\/fresca-api-json\/wp\/v2\/types\/post"}],"author":[{"embeddable":true,"href":"https:\/\/www.lafresca.fm\/fresca-api-json\/wp\/v2\/users\/2"}],"replies":[{"embeddable":true,"href":"https:\/\/www.lafresca.fm\/fresca-api-json\/wp\/v2\/comments?post=8298"}],"version-history":[{"count":1,"href":"https:\/\/www.lafresca.fm\/fresca-api-json\/wp\/v2\/posts\/8298\/revisions"}],"predecessor-version":[{"id":8300,"href":"https:\/\/www.lafresca.fm\/fresca-api-json\/wp\/v2\/posts\/8298\/revisions\/8300"}],"wp:featuredmedia":[{"embeddable":true,"href":"https:\/\/www.lafresca.fm\/fresca-api-json\/wp\/v2\/media\/8299"}],"wp:attachment":[{"href":"https:\/\/www.lafresca.fm\/fresca-api-json\/wp\/v2\/media?parent=8298"}],"wp:term":[{"taxonomy":"category","embeddable":true,"href":"https:\/\/www.lafresca.fm\/fresca-api-json\/wp\/v2\/categories?post=8298"},{"taxonomy":"post_tag","embeddable":true,"href":"https:\/\/www.lafresca.fm\/fresca-api-json\/wp\/v2\/tags?post=8298"}],"curies":[{"name":"wp","href":"https:\/\/api.w.org\/{rel}","templated":true}]}}