{"id":8324,"date":"2023-03-03T10:01:06","date_gmt":"2023-03-03T09:01:06","guid":{"rendered":"https:\/\/www.lafresca.fm\/?p=8324"},"modified":"2023-03-03T10:01:08","modified_gmt":"2023-03-03T09:01:08","slug":"el-ayuntamiento-de-ibi-inicia-las-obras-de-un-nuevo-almacen-en-el-albergue-municipal-de-animales","status":"publish","type":"post","link":"https:\/\/www.lafresca.fm\/el-ayuntamiento-de-ibi-inicia-las-obras-de-un-nuevo-almacen-en-el-albergue-municipal-de-animales\/","title":{"rendered":"El Ayuntamiento de Ibi inicia las obras de un nuevo almac\u00e9n en el albergue municipal de animales"},"content":{"rendered":"\n<p>El Ayuntamiento de Ibi ha iniciado las obras de construcci\u00f3n de un nuevo almac\u00e9n de 100 m\u00b2 en el albergue municipal de animales, cuyo coste ser\u00e1 de 121.648,87 \u20ac y ser\u00e1 ejecutado en el plazo de 10 meses por la empresa Eladio Silvestre SA.<\/p>\n\n\n\n<p>De esta manera, se van a mejorar en gran medida las instalaciones del albergue municipal de animales (Protectora de Ibi) y se realizar\u00e1 como mejora el cerramiento de las perreras, con la reconstrucci\u00f3n de los cerramientos de varias perreras deterioradas mediante el levantado de verja, demolici\u00f3n de los muretes de bloques m\u00e1s deteriorados, reconstrucci\u00f3n de muretes de bloques prefabricados de hormig\u00f3n y puerta de acceso a cada recinto.<\/p>\n\n\n\n<figure class=\"wp-block-image size-large is-resized\"><img fetchpriority=\"high\" decoding=\"async\" src=\"https:\/\/www.lafresca.fm\/f-solosog\/2023\/03\/Visita_obras_alberguecanino-1170x878.jpeg\" alt=\"\" class=\"wp-image-8325\" width=\"801\" height=\"601\" srcset=\"https:\/\/www.lafresca.fm\/f-solosog\/2023\/03\/Visita_obras_alberguecanino-1170x878.jpeg 1170w, https:\/\/www.lafresca.fm\/f-solosog\/2023\/03\/Visita_obras_alberguecanino-770x578.jpeg 770w, https:\/\/www.lafresca.fm\/f-solosog\/2023\/03\/Visita_obras_alberguecanino-768x576.jpeg 768w, https:\/\/www.lafresca.fm\/f-solosog\/2023\/03\/Visita_obras_alberguecanino-1536x1152.jpeg 1536w, https:\/\/www.lafresca.fm\/f-solosog\/2023\/03\/Visita_obras_alberguecanino.jpeg 2048w\" sizes=\"(max-width: 801px) 100vw, 801px\" \/><\/figure>\n\n\n\n<p>Por otra parte, tambi\u00e9n se realizar\u00e1 la mejora en el drenaje de las perreras, en las que se sustituir\u00e1 la canaleta existente y se conectar\u00e1n las canales prefabricadas de hormig\u00f3n junto a las perreras con la canal central de patio. La sobras han sido visitadas esta misma ma\u00f1ana por el alcalde de Ibi, Rafael Serralta, y la concejal de tenencia de animales, Loli de la Asunci\u00f3n.<\/p>\n<script>function PlayerjsAsync(){} if(window[\"Playerjs\"]){PlayerjsAsync();}<\/script>","protected":false},"excerpt":{"rendered":"<p>El Ayuntamiento de Ibi ha iniciado las obras de construcci\u00f3n de un nuevo almac\u00e9n de 100 m\u00b2 en el albergue municipal de animales, cuyo coste ser\u00e1 de 121.648,87 \u20ac y ser\u00e1 ejecutado en el plazo de 10 meses por la empresa Eladio Silvestre SA. De esta manera, se van a ...<\/p>\n","protected":false},"author":2,"featured_media":8325,"comment_status":"closed","ping_status":"closed","sticky":false,"template":"","format":"standard","meta":{"_monsterinsights_skip_tracking":false,"_monsterinsights_sitenote_active":false,"_monsterinsights_sitenote_note":"","_monsterinsights_sitenote_category":0,"footnotes":""},"categories":[4],"tags":[128],"class_list":["post-8324","post","type-post","status-publish","format-standard","has-post-thumbnail","hentry","category-alicante","tag-ibi"],"aioseo_notices":[],"_links":{"self":[{"href":"https:\/\/www.lafresca.fm\/fresca-api-json\/wp\/v2\/posts\/8324","targetHints":{"allow":["GET"]}}],"collection":[{"href":"https:\/\/www.lafresca.fm\/fresca-api-json\/wp\/v2\/posts"}],"about":[{"href":"https:\/\/www.lafresca.fm\/fresca-api-json\/wp\/v2\/types\/post"}],"author":[{"embeddable":true,"href":"https:\/\/www.lafresca.fm\/fresca-api-json\/wp\/v2\/users\/2"}],"replies":[{"embeddable":true,"href":"https:\/\/www.lafresca.fm\/fresca-api-json\/wp\/v2\/comments?post=8324"}],"version-history":[{"count":1,"href":"https:\/\/www.lafresca.fm\/fresca-api-json\/wp\/v2\/posts\/8324\/revisions"}],"predecessor-version":[{"id":8326,"href":"https:\/\/www.lafresca.fm\/fresca-api-json\/wp\/v2\/posts\/8324\/revisions\/8326"}],"wp:featuredmedia":[{"embeddable":true,"href":"https:\/\/www.lafresca.fm\/fresca-api-json\/wp\/v2\/media\/8325"}],"wp:attachment":[{"href":"https:\/\/www.lafresca.fm\/fresca-api-json\/wp\/v2\/media?parent=8324"}],"wp:term":[{"taxonomy":"category","embeddable":true,"href":"https:\/\/www.lafresca.fm\/fresca-api-json\/wp\/v2\/categories?post=8324"},{"taxonomy":"post_tag","embeddable":true,"href":"https:\/\/www.lafresca.fm\/fresca-api-json\/wp\/v2\/tags?post=8324"}],"curies":[{"name":"wp","href":"https:\/\/api.w.org\/{rel}","templated":true}]}}