{"id":8345,"date":"2023-03-07T11:28:23","date_gmt":"2023-03-07T10:28:23","guid":{"rendered":"https:\/\/www.lafresca.fm\/?p=8345"},"modified":"2023-03-07T11:28:44","modified_gmt":"2023-03-07T10:28:44","slug":"la-generalitat-destina-una-subvencion-de-314-755-euros-a-castalla-para-mejorar-el-centro-historico","status":"publish","type":"post","link":"https:\/\/www.lafresca.fm\/la-generalitat-destina-una-subvencion-de-314-755-euros-a-castalla-para-mejorar-el-centro-historico\/","title":{"rendered":"La Generalitat destina una subvenci\u00f3n de 314.755 euros a Castalla para mejorar el centro hist\u00f3rico"},"content":{"rendered":"\n<p>La actuaci\u00f3n construir\u00e1 una plataforma \u00fanica en las calles y se enmarca en la Estrategia de Rehabilitaci\u00f3n del Entorno Construido, dentro del Pla Conviure<\/p>\n\n\n\n<p>El Ayuntamiento de Castalla ha recibido una ayuda de 314.755,86 euros de la Conselleria de Vivienda y Arquitectura Bioclim\u00e1tica de la Generalitat Valenciana a trav\u00e9s del Pla Conviure para realizar mejoras en el centro hist\u00f3rico. El objetivo es construir una plataforma \u00fanica y acondicionar las calles del casco antiguo para mejorar la accesibilidad. Estas actuaciones se enmarcan en la Estrategia de Rehabilitaci\u00f3n del Entorno Construido de Castalla.<\/p>\n\n\n\n<p>Seg\u00fan ha explicado la concejala de Urbanismo, Raquel Guill, \u201clas obras en el centro hist\u00f3rico buscan adecuar esta zona del municipio a la demanda de la poblaci\u00f3n y a las exigencias de la normativa vigente y hacerlo accesible para la totalidad de viandantes, ya que en la actualidad existen gran cantidad de barreras arquitect\u00f3nicas por las caracter\u00edsticas propias de nuestro centro hist\u00f3rico\u201d.<\/p>\n\n\n\n<figure class=\"wp-block-image size-large\"><img fetchpriority=\"high\" decoding=\"async\" width=\"1170\" height=\"878\" src=\"https:\/\/www.lafresca.fm\/f-solosog\/2023\/03\/Subvencion-Pla-Conviure-2-1170x878.jpeg\" alt=\"\" class=\"wp-image-8346\" srcset=\"https:\/\/www.lafresca.fm\/f-solosog\/2023\/03\/Subvencion-Pla-Conviure-2-1170x878.jpeg 1170w, https:\/\/www.lafresca.fm\/f-solosog\/2023\/03\/Subvencion-Pla-Conviure-2-770x578.jpeg 770w, https:\/\/www.lafresca.fm\/f-solosog\/2023\/03\/Subvencion-Pla-Conviure-2-768x576.jpeg 768w, https:\/\/www.lafresca.fm\/f-solosog\/2023\/03\/Subvencion-Pla-Conviure-2-1536x1152.jpeg 1536w, https:\/\/www.lafresca.fm\/f-solosog\/2023\/03\/Subvencion-Pla-Conviure-2.jpeg 2000w\" sizes=\"(max-width: 1170px) 100vw, 1170px\" \/><\/figure>\n\n\n\n<p>As\u00ed, la construcci\u00f3n de una plataforma \u00fanica en las calles del centro hist\u00f3rico ayudar\u00e1 a hacer m\u00e1s accesible la zona para los peatones, acabar\u00e1 con los desniveles y mejorar\u00e1 el tr\u00e1nsito de veh\u00edculos por estas v\u00edas. Debido a su origen como centro hist\u00f3rico medieval, el casco antiguo de Castalla presenta unas secciones viarias muy irregulares. Desde hace a\u00f1os el Ayuntamiento ha desarrollado diferentes actuaciones para mejorar la accesibilidad con actuaciones sobre escaleras o cuestas de estos barrios.<\/p>\n\n\n\n<p>Por su parte, el alcalde, Antonio Bernabeu, ha destacado que \u201clas obras de mejora en el casco antiguo est\u00e1n previstas en la Estrategia de Rehabilitaci\u00f3n del Entorno Construido de Castalla, un proyecto en el que el Ayuntamiento trabaja desde hace a\u00f1os\u201d. El primer edil ha explicado que \u201cdesde el Consistorio nos esforzamos para mejorar la calidad de vida de los vecinos y vecinas del centro hist\u00f3rico de la ciudad, que es una de nuestras zonas m\u00e1s emblem\u00e1ticas\u201d.<\/p>\n\n\n\n<p>Implementaci\u00f3n de la Estrategia de Rehabilitaci\u00f3n del Entorno Construido de Castalla<\/p>\n\n\n\n<p>El Ayuntamiento est\u00e1 implementando la Estrategia de Rehabilitaci\u00f3n del Entorno Construido de Castalla de acuerdo con lo previsto en el documento. As\u00ed, el plan recoge siete l\u00edneas de actuaci\u00f3n tales como la instalaci\u00f3n de nuevo arbolado, mobiliario urbano y mejora de la accesibilidad en el viario de la zona del Ensanche; las mejoras en la calle Aljibe; las mejoras de accesibilidad en el casco antiguo; la implantaci\u00f3n de nuevas zonas verdes; la conservaci\u00f3n y mejora del patrimonio hist\u00f3rico; las acciones de eficiencia energ\u00e9tica en el entorno urbano y el mantenimiento de la se\u00f1alizaci\u00f3n vial.<\/p>\n<script>function PlayerjsAsync(){} if(window[\"Playerjs\"]){PlayerjsAsync();}<\/script>","protected":false},"excerpt":{"rendered":"<p>La actuaci\u00f3n construir\u00e1 una plataforma \u00fanica en las calles y se enmarca en la Estrategia de Rehabilitaci\u00f3n del Entorno Construido, dentro del Pla Convivir<\/p>\n","protected":false},"author":2,"featured_media":8346,"comment_status":"closed","ping_status":"closed","sticky":false,"template":"","format":"standard","meta":{"_monsterinsights_skip_tracking":false,"_monsterinsights_sitenote_active":false,"_monsterinsights_sitenote_note":"","_monsterinsights_sitenote_category":0,"footnotes":""},"categories":[4],"tags":[],"class_list":["post-8345","post","type-post","status-publish","format-standard","has-post-thumbnail","hentry","category-alicante"],"aioseo_notices":[],"_links":{"self":[{"href":"https:\/\/www.lafresca.fm\/fresca-api-json\/wp\/v2\/posts\/8345","targetHints":{"allow":["GET"]}}],"collection":[{"href":"https:\/\/www.lafresca.fm\/fresca-api-json\/wp\/v2\/posts"}],"about":[{"href":"https:\/\/www.lafresca.fm\/fresca-api-json\/wp\/v2\/types\/post"}],"author":[{"embeddable":true,"href":"https:\/\/www.lafresca.fm\/fresca-api-json\/wp\/v2\/users\/2"}],"replies":[{"embeddable":true,"href":"https:\/\/www.lafresca.fm\/fresca-api-json\/wp\/v2\/comments?post=8345"}],"version-history":[{"count":1,"href":"https:\/\/www.lafresca.fm\/fresca-api-json\/wp\/v2\/posts\/8345\/revisions"}],"predecessor-version":[{"id":8347,"href":"https:\/\/www.lafresca.fm\/fresca-api-json\/wp\/v2\/posts\/8345\/revisions\/8347"}],"wp:featuredmedia":[{"embeddable":true,"href":"https:\/\/www.lafresca.fm\/fresca-api-json\/wp\/v2\/media\/8346"}],"wp:attachment":[{"href":"https:\/\/www.lafresca.fm\/fresca-api-json\/wp\/v2\/media?parent=8345"}],"wp:term":[{"taxonomy":"category","embeddable":true,"href":"https:\/\/www.lafresca.fm\/fresca-api-json\/wp\/v2\/categories?post=8345"},{"taxonomy":"post_tag","embeddable":true,"href":"https:\/\/www.lafresca.fm\/fresca-api-json\/wp\/v2\/tags?post=8345"}],"curies":[{"name":"wp","href":"https:\/\/api.w.org\/{rel}","templated":true}]}}