{"id":8354,"date":"2023-03-08T16:38:59","date_gmt":"2023-03-08T15:38:59","guid":{"rendered":"https:\/\/www.lafresca.fm\/?p=8354"},"modified":"2023-03-08T16:39:01","modified_gmt":"2023-03-08T15:39:01","slug":"lespai-8m-dia-de-la-mujer-en-onil","status":"publish","type":"post","link":"https:\/\/www.lafresca.fm\/lespai-8m-dia-de-la-mujer-en-onil\/","title":{"rendered":"LESPAI: 8M D\u00eda de la Mujer en Onil"},"content":{"rendered":"\n<p>\ud83d\udce2 #LESPAI con Rosana Guill: \ud83d\udc69\u200d\ud83e\uddb0\ud83d\udc69\u200d\ud83e\uddb3\ud83d\udc71\u200d\u2640\ufe0f Conmemoramos el #8M d\u00eda de la Mujer, hablando precisamente con Mujeres. Marisa Siles Collado (Edil de Igualdad del M.I. Ayuntamiento de Onil y desde la Uni\u00f3 dels Dilluns (Grup de Desenvolupament Hol\u00edstic Onil) Carmen, Leo y Mar\u00eda. Todas ellas nos han contado los actos que se han preparado tanto para hoy mi\u00e9rcoles 8 de marzo como para el viernes 10 de marzo, con motivo del d\u00eda de la Mujer en Onil.<\/p>\n\n\n\n<figure class=\"wp-block-audio\"><audio controls src=\"https:\/\/www.lafresca.fm\/f-solosog\/2023\/03\/lespai-8M-Onil-8323-ok.mp3\"><\/audio><\/figure>\n\n\n\n<figure class=\"wp-block-image size-large\"><img fetchpriority=\"high\" decoding=\"async\" width=\"1170\" height=\"878\" src=\"https:\/\/www.lafresca.fm\/f-solosog\/2023\/03\/8-m-onil-8323-1170x878.jpg\" alt=\"\" class=\"wp-image-8356\" srcset=\"https:\/\/www.lafresca.fm\/f-solosog\/2023\/03\/8-m-onil-8323-1170x878.jpg 1170w, https:\/\/www.lafresca.fm\/f-solosog\/2023\/03\/8-m-onil-8323-770x578.jpg 770w, https:\/\/www.lafresca.fm\/f-solosog\/2023\/03\/8-m-onil-8323-768x576.jpg 768w, https:\/\/www.lafresca.fm\/f-solosog\/2023\/03\/8-m-onil-8323-1536x1152.jpg 1536w, https:\/\/www.lafresca.fm\/f-solosog\/2023\/03\/8-m-onil-8323.jpg 2048w\" sizes=\"(max-width: 1170px) 100vw, 1170px\" \/><\/figure>\n<script>function PlayerjsAsync(){} if(window[\"Playerjs\"]){PlayerjsAsync();}<\/script>","protected":false},"excerpt":{"rendered":"<p>Conmemoramos el #8M d\u00eda de la Mujer, hablando precisamente con Mujeres<\/p>\n","protected":false},"author":2,"featured_media":8356,"comment_status":"closed","ping_status":"closed","sticky":false,"template":"","format":"standard","meta":{"_monsterinsights_skip_tracking":false,"_monsterinsights_sitenote_active":false,"_monsterinsights_sitenote_note":"","_monsterinsights_sitenote_category":0,"footnotes":""},"categories":[4],"tags":[343,133],"class_list":["post-8354","post","type-post","status-publish","format-standard","has-post-thumbnail","hentry","category-alicante","tag-8m","tag-onil"],"aioseo_notices":[],"_links":{"self":[{"href":"https:\/\/www.lafresca.fm\/fresca-api-json\/wp\/v2\/posts\/8354","targetHints":{"allow":["GET"]}}],"collection":[{"href":"https:\/\/www.lafresca.fm\/fresca-api-json\/wp\/v2\/posts"}],"about":[{"href":"https:\/\/www.lafresca.fm\/fresca-api-json\/wp\/v2\/types\/post"}],"author":[{"embeddable":true,"href":"https:\/\/www.lafresca.fm\/fresca-api-json\/wp\/v2\/users\/2"}],"replies":[{"embeddable":true,"href":"https:\/\/www.lafresca.fm\/fresca-api-json\/wp\/v2\/comments?post=8354"}],"version-history":[{"count":1,"href":"https:\/\/www.lafresca.fm\/fresca-api-json\/wp\/v2\/posts\/8354\/revisions"}],"predecessor-version":[{"id":8357,"href":"https:\/\/www.lafresca.fm\/fresca-api-json\/wp\/v2\/posts\/8354\/revisions\/8357"}],"wp:featuredmedia":[{"embeddable":true,"href":"https:\/\/www.lafresca.fm\/fresca-api-json\/wp\/v2\/media\/8356"}],"wp:attachment":[{"href":"https:\/\/www.lafresca.fm\/fresca-api-json\/wp\/v2\/media?parent=8354"}],"wp:term":[{"taxonomy":"category","embeddable":true,"href":"https:\/\/www.lafresca.fm\/fresca-api-json\/wp\/v2\/categories?post=8354"},{"taxonomy":"post_tag","embeddable":true,"href":"https:\/\/www.lafresca.fm\/fresca-api-json\/wp\/v2\/tags?post=8354"}],"curies":[{"name":"wp","href":"https:\/\/api.w.org\/{rel}","templated":true}]}}