{"id":8451,"date":"2023-03-17T09:55:19","date_gmt":"2023-03-17T08:55:19","guid":{"rendered":"https:\/\/www.lafresca.fm\/?p=8451"},"modified":"2023-03-17T09:55:21","modified_gmt":"2023-03-17T08:55:21","slug":"onil-celebra-este-sabado-18-de-marzo-el-dia-de-la-volta","status":"publish","type":"post","link":"https:\/\/www.lafresca.fm\/onil-celebra-este-sabado-18-de-marzo-el-dia-de-la-volta\/","title":{"rendered":"Onil celebra este s\u00e1bado 18 de marzo el d\u00eda de la &#8220;Volta&#8221;"},"content":{"rendered":"\n<p>Tradicionalmente a finales de marzo se celebra en la Vila d&#8217;Onil el &#8220;D\u00cdA DE LA VOLTA&#8221;, un d\u00eda festivo tan esperado que anuncia que falta pr\u00e1cticamente un mes para las esperadas Fiestas de moros y cristianos, que se celebrar\u00e1n del 22 de abril al 1 de mayo. <\/p>\n\n\n\n<p>La celebraci\u00f3n de este festival tendr\u00e1 lugar en Onil este s\u00e1bado 18 de marzo de 2023, con el siguiente programa de actos:<\/p>\n\n\n\n<p>&#8211; A las 09:00h: DIANA en las calles de la localidad por la &#8220;Colla de Dol\u00e7ainers i Tabaleters Rudiment\u00e0ria y Pandorga d&#8217;Onil&#8221;<\/p>\n\n\n\n<p>\u2013 12:30 pm: PRESENTACI\u00d3N DEL CARTEL ANUNCIADOR DE LOS MOROS Y CRISTIANOS DE ONIL 2023&#8243;, en la sede de la Asociaci\u00f3n de Moros y Cristianos &#8220;Mare de D\u00e9u de la Salut&#8221; en Onil (ubicada en Av. de la Constituci\u00f3n, 20 bajo).<\/p>\n\n\n\n<p>&#8211; A las 17:30: SALIDA DE BANDERAS de las diferentes comparsas desde el Palacio-Fortaleza del Marqu\u00e9s de Dos Aguas.<\/p>\n\n\n\n<p>\u2013 A continuaci\u00f3n, desde la Plaza Mayor, tradicional Desfile del D\u00eda de la Volta 2023, por el itinerario habitual, pasando por el casco antiguo.<\/p>\n\n\n\n<p>Despu\u00e9s del desfile, las respectivas Comparsas se dirigir\u00e1n a sus locales. <\/p>\n\n\n\n<figure class=\"wp-block-image size-full\"><img fetchpriority=\"high\" decoding=\"async\" width=\"960\" height=\"704\" src=\"https:\/\/www.lafresca.fm\/f-solosog\/2023\/03\/335298128_605284101047398_7849945129254670472_n.jpg\" alt=\"\" class=\"wp-image-8452\" srcset=\"https:\/\/www.lafresca.fm\/f-solosog\/2023\/03\/335298128_605284101047398_7849945129254670472_n.jpg 960w, https:\/\/www.lafresca.fm\/f-solosog\/2023\/03\/335298128_605284101047398_7849945129254670472_n-770x565.jpg 770w, https:\/\/www.lafresca.fm\/f-solosog\/2023\/03\/335298128_605284101047398_7849945129254670472_n-768x563.jpg 768w\" sizes=\"(max-width: 960px) 100vw, 960px\" \/><\/figure>\n<script>function PlayerjsAsync(){} if(window[\"Playerjs\"]){PlayerjsAsync();}<\/script>","protected":false},"excerpt":{"rendered":"<p>Un d\u00eda festivo que anuncia que falta pr\u00e1cticamente un mes para las esperadas Fiestas de moros y cristianos<\/p>\n","protected":false},"author":2,"featured_media":8452,"comment_status":"closed","ping_status":"closed","sticky":false,"template":"","format":"standard","meta":{"_monsterinsights_skip_tracking":false,"_monsterinsights_sitenote_active":false,"_monsterinsights_sitenote_note":"","_monsterinsights_sitenote_category":0,"footnotes":""},"categories":[4],"tags":[363,133],"class_list":["post-8451","post","type-post","status-publish","format-standard","has-post-thumbnail","hentry","category-alicante","tag-dia-de-la-volta","tag-onil"],"aioseo_notices":[],"_links":{"self":[{"href":"https:\/\/www.lafresca.fm\/fresca-api-json\/wp\/v2\/posts\/8451","targetHints":{"allow":["GET"]}}],"collection":[{"href":"https:\/\/www.lafresca.fm\/fresca-api-json\/wp\/v2\/posts"}],"about":[{"href":"https:\/\/www.lafresca.fm\/fresca-api-json\/wp\/v2\/types\/post"}],"author":[{"embeddable":true,"href":"https:\/\/www.lafresca.fm\/fresca-api-json\/wp\/v2\/users\/2"}],"replies":[{"embeddable":true,"href":"https:\/\/www.lafresca.fm\/fresca-api-json\/wp\/v2\/comments?post=8451"}],"version-history":[{"count":1,"href":"https:\/\/www.lafresca.fm\/fresca-api-json\/wp\/v2\/posts\/8451\/revisions"}],"predecessor-version":[{"id":8453,"href":"https:\/\/www.lafresca.fm\/fresca-api-json\/wp\/v2\/posts\/8451\/revisions\/8453"}],"wp:featuredmedia":[{"embeddable":true,"href":"https:\/\/www.lafresca.fm\/fresca-api-json\/wp\/v2\/media\/8452"}],"wp:attachment":[{"href":"https:\/\/www.lafresca.fm\/fresca-api-json\/wp\/v2\/media?parent=8451"}],"wp:term":[{"taxonomy":"category","embeddable":true,"href":"https:\/\/www.lafresca.fm\/fresca-api-json\/wp\/v2\/categories?post=8451"},{"taxonomy":"post_tag","embeddable":true,"href":"https:\/\/www.lafresca.fm\/fresca-api-json\/wp\/v2\/tags?post=8451"}],"curies":[{"name":"wp","href":"https:\/\/api.w.org\/{rel}","templated":true}]}}