{"id":8555,"date":"2023-03-30T18:23:52","date_gmt":"2023-03-30T16:23:52","guid":{"rendered":"https:\/\/www.lafresca.fm\/?p=8555"},"modified":"2023-03-30T18:23:55","modified_gmt":"2023-03-30T16:23:55","slug":"lespai-fester-con-los-embajadores-de-los-moros-y-cristianos-de-onil","status":"publish","type":"post","link":"https:\/\/www.lafresca.fm\/lespai-fester-con-los-embajadores-de-los-moros-y-cristianos-de-onil\/","title":{"rendered":"LESPAI FESTER, con los Embajadores de los Moros y Cristianos de Onil"},"content":{"rendered":"\n<p>\u2694\ufe0f LESPAI FESTER con Rosana Guill: \ud83c\udf89 Los encargados de que el 29 de Abril y el 1 de Mayo el &#8220;Castillo&#8221; \ud83d\udd4d del Palacio del Marqu\u00e9s de Dos Aguas de Onil, sea el epicentro de la representaci\u00f3n de las embajadas Mora y Cristiana \ud83d\udc0e\u2694\ufe0f. Gracias a Juanjo, Joel, Andreu y Sergio, que son los encargados de realizarlas delante de una Plaza Mayor llena hasta la bandera \ud83d\udcef\ud83d\udcdc. Hemos conocido c\u00f3mo se preparan y qu\u00e9 sienten este a\u00f1o al ser el 175 aniversario del texto de l&#8217;Ambaixada.<\/p>\n\n\n\n<p>\ud83d\udcdf Cada Jueves a las 12, los Moros y Cristianos de Onil, en LESPAI FESTER \ud83c\udf99<\/p>\n\n\n\n<figure class=\"wp-block-audio\"><audio controls src=\"https:\/\/www.lafresca.fm\/f-solosog\/2023\/03\/LESPAI-FESTER-30-de-Marzo-Embajadores-2023-ok.mp3\"><\/audio><\/figure>\n\n\n\n<figure class=\"wp-block-image size-large\"><img fetchpriority=\"high\" decoding=\"async\" width=\"1170\" height=\"878\" src=\"https:\/\/www.lafresca.fm\/f-solosog\/2023\/03\/embajadores-onil-30323-1170x878.jpg\" alt=\"\" class=\"wp-image-8557\" srcset=\"https:\/\/www.lafresca.fm\/f-solosog\/2023\/03\/embajadores-onil-30323-1170x878.jpg 1170w, https:\/\/www.lafresca.fm\/f-solosog\/2023\/03\/embajadores-onil-30323-770x578.jpg 770w, https:\/\/www.lafresca.fm\/f-solosog\/2023\/03\/embajadores-onil-30323-768x576.jpg 768w, https:\/\/www.lafresca.fm\/f-solosog\/2023\/03\/embajadores-onil-30323-1536x1152.jpg 1536w, https:\/\/www.lafresca.fm\/f-solosog\/2023\/03\/embajadores-onil-30323.jpg 2000w\" sizes=\"(max-width: 1170px) 100vw, 1170px\" \/><\/figure>\n<script>function PlayerjsAsync(){} if(window[\"Playerjs\"]){PlayerjsAsync();}<\/script>","protected":false},"excerpt":{"rendered":"<p>Juanjo, Joel, Andreu y Sergio, son los encargados de realizarlas delante de una Plaza Mayor llena hasta la bandera<\/p>\n","protected":false},"author":2,"featured_media":8557,"comment_status":"closed","ping_status":"closed","sticky":false,"template":"","format":"standard","meta":{"_monsterinsights_skip_tracking":false,"_monsterinsights_sitenote_active":false,"_monsterinsights_sitenote_note":"","_monsterinsights_sitenote_category":0,"footnotes":""},"categories":[4],"tags":[353,133],"class_list":["post-8555","post","type-post","status-publish","format-standard","has-post-thumbnail","hentry","category-alicante","tag-lespai-fester","tag-onil"],"aioseo_notices":[],"_links":{"self":[{"href":"https:\/\/www.lafresca.fm\/fresca-api-json\/wp\/v2\/posts\/8555","targetHints":{"allow":["GET"]}}],"collection":[{"href":"https:\/\/www.lafresca.fm\/fresca-api-json\/wp\/v2\/posts"}],"about":[{"href":"https:\/\/www.lafresca.fm\/fresca-api-json\/wp\/v2\/types\/post"}],"author":[{"embeddable":true,"href":"https:\/\/www.lafresca.fm\/fresca-api-json\/wp\/v2\/users\/2"}],"replies":[{"embeddable":true,"href":"https:\/\/www.lafresca.fm\/fresca-api-json\/wp\/v2\/comments?post=8555"}],"version-history":[{"count":1,"href":"https:\/\/www.lafresca.fm\/fresca-api-json\/wp\/v2\/posts\/8555\/revisions"}],"predecessor-version":[{"id":8558,"href":"https:\/\/www.lafresca.fm\/fresca-api-json\/wp\/v2\/posts\/8555\/revisions\/8558"}],"wp:featuredmedia":[{"embeddable":true,"href":"https:\/\/www.lafresca.fm\/fresca-api-json\/wp\/v2\/media\/8557"}],"wp:attachment":[{"href":"https:\/\/www.lafresca.fm\/fresca-api-json\/wp\/v2\/media?parent=8555"}],"wp:term":[{"taxonomy":"category","embeddable":true,"href":"https:\/\/www.lafresca.fm\/fresca-api-json\/wp\/v2\/categories?post=8555"},{"taxonomy":"post_tag","embeddable":true,"href":"https:\/\/www.lafresca.fm\/fresca-api-json\/wp\/v2\/tags?post=8555"}],"curies":[{"name":"wp","href":"https:\/\/api.w.org\/{rel}","templated":true}]}}