{"id":8595,"date":"2023-04-04T09:01:15","date_gmt":"2023-04-04T07:01:15","guid":{"rendered":"https:\/\/www.lafresca.fm\/?p=8595"},"modified":"2023-04-04T09:01:17","modified_gmt":"2023-04-04T07:01:17","slug":"la-colivenca-munecas-antonio-juan-se-reestructura-amplia-instalaciones-y-aumenta-su-presencia-internacional-un-40","status":"publish","type":"post","link":"https:\/\/www.lafresca.fm\/la-colivenca-munecas-antonio-juan-se-reestructura-amplia-instalaciones-y-aumenta-su-presencia-internacional-un-40\/","title":{"rendered":"La Colivenca Mu\u00f1ecas Antonio Juan se reestructura, ampl\u00eda instalaciones y aumenta su presencia internacional un 40%"},"content":{"rendered":"\n<p>Para gestionar la importante transformaci\u00f3n de las principales \u00e1reas de la compa\u00f1\u00eda se ha contado con un profesional en la modalidad de Interim Manager<\/p>\n\n\n\n<p>Con sus nuevas instalaciones en Onil, la reconocida firma ha incrementado su capacidad de fabricaci\u00f3n un 30% y llevar sus productos a m\u00e1s de 50 pa\u00edses<\/p>\n\n\n\n<p>La firma Mu\u00f1ecas Antonio Juan ha llevado a cabo una importante restructuraci\u00f3n de las principales \u00e1reas de la empresa que le ha permitido incrementar su presencia en los mercados internacionales, pasando del 10% de su producci\u00f3n en 2019 al 40% en 2022. Para gestionar esta importante transformaci\u00f3n, la compa\u00f1\u00eda ha contado con la empresa AMG Interim Managers a trav\u00e9s de la direcci\u00f3n interina de uno de sus profesionales, Francisco Bautista, conocedor de la realidad y trayectoria del sector del juguete en la comarca.<\/p>\n\n\n\n<p>La apuesta decidida por el cambio y la inversi\u00f3n en materia de calidad, profesionalizaci\u00f3n y sostenibilidad es la estrategia que ha permitido a la empresa familiar Mu\u00f1ecas Antonio Juan afianzarse como una de las marcas referente en la fabricaci\u00f3n de mu\u00f1ecas beb\u00e9 del pa\u00eds y hacer frente a las diferentes dificultades que ha atravesado el sector a lo largo de sus m\u00e1s de 60 a\u00f1os de historia. Una marca con un firme compromiso con el territorio y el producto nacional que desde Onil, en Alicante, ha llegado hoy a estar presente en m\u00e1s de 50 pa\u00edses, en los cinco continentes.<\/p>\n\n\n\n<p>Esta visi\u00f3n de los hermanos Marco, Dar\u00edo y Teresa, la tercera generaci\u00f3n de una misma familia al frente de Mu\u00f1ecas Antonio Juan, ha ido marcando la evoluci\u00f3n reciente de la empresa y posicionamiento en el sector, sin perder su filosof\u00eda de marca: fabricar mu\u00f1ecas de calidad bajo el principio de la sostenibilidad.<\/p>\n\n\n\n<figure class=\"wp-block-image size-large\"><img fetchpriority=\"high\" decoding=\"async\" width=\"1170\" height=\"583\" src=\"https:\/\/www.lafresca.fm\/f-solosog\/2023\/04\/Foto-1-Dario-Marco-y-Teresa-1170x583.jpg\" alt=\"\" class=\"wp-image-8596\" srcset=\"https:\/\/www.lafresca.fm\/f-solosog\/2023\/04\/Foto-1-Dario-Marco-y-Teresa-1170x583.jpg 1170w, https:\/\/www.lafresca.fm\/f-solosog\/2023\/04\/Foto-1-Dario-Marco-y-Teresa-770x383.jpg 770w, https:\/\/www.lafresca.fm\/f-solosog\/2023\/04\/Foto-1-Dario-Marco-y-Teresa-768x382.jpg 768w, https:\/\/www.lafresca.fm\/f-solosog\/2023\/04\/Foto-1-Dario-Marco-y-Teresa-1536x765.jpg 1536w, https:\/\/www.lafresca.fm\/f-solosog\/2023\/04\/Foto-1-Dario-Marco-y-Teresa-2048x1020.jpg 2048w\" sizes=\"(max-width: 1170px) 100vw, 1170px\" \/><\/figure>\n\n\n\n<p>Con el prop\u00f3sito de seguir avanzando en esta l\u00ednea de crecimiento y de posicionamiento de la empresa, la compa\u00f1\u00eda inicia un ambicioso proyecto de ampliaci\u00f3n a sus nuevas instalaciones en Onil. Una nueva planta con la que ha incrementado su capacidad de fabricaci\u00f3n hasta un 30% y que ha permitido absorber su crecimiento tanto en el mercado nacional como el internacional. Un paso crucial para esta empresa familiar, que requiere de nuevos conocimientos y f\u00f3rmulas de trabajo que sean acordes al momento que atraviesan y a su proyecci\u00f3n de futuro. Para gestionar esta transformaci\u00f3n y facilitar el acceso a la empresa de nuevo talento directivo, la compa\u00f1\u00eda ha tenido el apoyo de AMG Interim Managers, a trav\u00e9s de uno de sus profesionales, Francisco Bautista, familiarizado con el sector del juguete.<\/p>\n\n\n\n<p>Seg\u00fan explica Teresa Juan, \u201cten\u00edamos muy claro hacia d\u00f3nde quer\u00edamos ir pero nos dimos cuenta de que para ello necesit\u00e1bamos dar un salto, no solo en infraestructura, sino a nivel interno, con metodolog\u00edas innovadoras de trabajo que de verdad propiciaran la transformaci\u00f3n que quer\u00edamos ver\u201d.<\/p>\n\n\n\n<p>Tras realizar un diagn\u00f3stico del punto de partida y objetivos de la empresa, se establece un plan de trabajo, que se ha desarrollado a lo largo de dos a\u00f1os, con el que se lleva a cabo una completa restructuraci\u00f3n interna. Un proceso que empieza por los departamentos clave de la empresa como el de Ventas, Producci\u00f3n, Administraci\u00f3n y Marketing. El proceso tuvo que lidiar, como en muchas otras empresas, con la crisis sobrevenida por la Covid19. A pesar de la incertidumbre y las duras medidas de choque impuestas para frenar el avance del virus, Mu\u00f1ecas Antonio Juan consigue atenuar el impacto manteniendo resultados en 2020 y un crecimiento superior al 15% en 2021.<\/p>\n\n\n\n<p>Al mismo tiempo, se inicia la puesta en marcha del nuevo ERP que desde Mu\u00f1ecas Antonio Juan se hab\u00eda estado estudiando para conseguir un mejor control de las operaciones del \u00e1rea comercial, compras, producci\u00f3n y hasta la expedici\u00f3n del producto.<\/p>\n\n\n\n<p>Seg\u00fan explica Francisco Bautista, hacer posibles todos estos cambios, implica tambi\u00e9n una mayor profesionalizaci\u00f3n y mejora de los sistemas de coordinaci\u00f3n y direcci\u00f3n, \u201clo que se traduce en un importante cambio cultural y organizativo, con el que se consigue mejorar el desempe\u00f1o de las funciones de los diferentes departamentos\u201d.<\/p>\n\n\n\n<p>Estos dos a\u00f1os de transformaci\u00f3n han supuesto para Mu\u00f1ecas Antonio Juan una reestructuraci\u00f3n de su equipo, la consolidaci\u00f3n de una estructura directiva y la profesionalizaci\u00f3n de \u00e1reas clave como Ventas, Administraci\u00f3n, Producci\u00f3n y Marketing. Estos cambios les permiten en la actualidad, contar con un mejor sistema de planificaci\u00f3n, producci\u00f3n y plazos de entrega, adem\u00e1s, de un mejor aprovechamiento comercial de su capacidad productiva, en un sector tan estacional como el de la mu\u00f1eca. En cuanto a las exportaciones, se ha incrementado su presencia en los mercados internacionales, cerrando 2022 con un crecimiento del 40%. Soluciones que le est\u00e1n permitiendo seguir ganando competitividad y posicionamiento dentro del sector.<\/p>\n\n\n\n<p>Para Teresa Juan, contar con una firma especializada en la direcci\u00f3n externa de proyectos como es AMG Interim Managers nos ha permitido \u201cpoder acometer los cambios que requiere el mercado actual para seguir creciendo, ganar en competitividad dentro del sector y consolidar nuestra presencia internacional\u201d.<\/p>\n\n\n\n<p>Una empresa comprometida con el crecimiento sostenible y responsable.<\/p>\n\n\n\n<p>Mu\u00f1ecas Antonio Juan nace en 1958, en la localidad de Onil, en Alicante, cuna de la industria juguetera espa\u00f1ola desde finales del siglo XIX. Una empresa familiar, especializada en la fabricaci\u00f3n de mu\u00f1ecas beb\u00e9s y convertida hoy en referente mundial bajo los principios de calidad, tradici\u00f3n y sostenibilidad.<\/p>\n\n\n\n<p>Su compromiso con el cambio clim\u00e1tico y el futuro de los m\u00e1s peque\u00f1os se ha materializado con la puesta en marcha de una serie de actuaciones dirigidas a reducir la contaminaci\u00f3n ambiental en toda nuestra cadena de producci\u00f3n, aportando soluciones concretas e inmediatas que contribuyan a frenar el cambio clim\u00e1tico. Estas actuaciones le han valido la certificaci\u00f3n Zero Waste, por conseguir reutilizar el 98% de sus desperdicios. Asimismo, ha sido la primera empresa del sector en incorporar los tejidos org\u00e1nicos en la confecci\u00f3n de la ropa de sus mu\u00f1ecas y en comercializar mu\u00f1ecas ecol\u00f3gicas para la primera infancia.<\/p>\n<script>function PlayerjsAsync(){} if(window[\"Playerjs\"]){PlayerjsAsync();}<\/script>","protected":false},"excerpt":{"rendered":"<p>Mu\u00f1ecas Antonio Juan nace en 1958, en la localidad de Onil, en Alicante, cuna de la industria juguetera espa\u00f1ola desde finales del siglo XIX.<\/p>\n","protected":false},"author":2,"featured_media":8596,"comment_status":"closed","ping_status":"closed","sticky":false,"template":"","format":"standard","meta":{"_monsterinsights_skip_tracking":false,"_monsterinsights_sitenote_active":false,"_monsterinsights_sitenote_note":"","_monsterinsights_sitenote_category":0,"footnotes":""},"categories":[4],"tags":[385,133],"class_list":["post-8595","post","type-post","status-publish","format-standard","has-post-thumbnail","hentry","category-alicante","tag-munecas-antonio-juan","tag-onil"],"aioseo_notices":[],"_links":{"self":[{"href":"https:\/\/www.lafresca.fm\/fresca-api-json\/wp\/v2\/posts\/8595","targetHints":{"allow":["GET"]}}],"collection":[{"href":"https:\/\/www.lafresca.fm\/fresca-api-json\/wp\/v2\/posts"}],"about":[{"href":"https:\/\/www.lafresca.fm\/fresca-api-json\/wp\/v2\/types\/post"}],"author":[{"embeddable":true,"href":"https:\/\/www.lafresca.fm\/fresca-api-json\/wp\/v2\/users\/2"}],"replies":[{"embeddable":true,"href":"https:\/\/www.lafresca.fm\/fresca-api-json\/wp\/v2\/comments?post=8595"}],"version-history":[{"count":1,"href":"https:\/\/www.lafresca.fm\/fresca-api-json\/wp\/v2\/posts\/8595\/revisions"}],"predecessor-version":[{"id":8597,"href":"https:\/\/www.lafresca.fm\/fresca-api-json\/wp\/v2\/posts\/8595\/revisions\/8597"}],"wp:featuredmedia":[{"embeddable":true,"href":"https:\/\/www.lafresca.fm\/fresca-api-json\/wp\/v2\/media\/8596"}],"wp:attachment":[{"href":"https:\/\/www.lafresca.fm\/fresca-api-json\/wp\/v2\/media?parent=8595"}],"wp:term":[{"taxonomy":"category","embeddable":true,"href":"https:\/\/www.lafresca.fm\/fresca-api-json\/wp\/v2\/categories?post=8595"},{"taxonomy":"post_tag","embeddable":true,"href":"https:\/\/www.lafresca.fm\/fresca-api-json\/wp\/v2\/tags?post=8595"}],"curies":[{"name":"wp","href":"https:\/\/api.w.org\/{rel}","templated":true}]}}