{"id":8626,"date":"2023-04-12T16:49:20","date_gmt":"2023-04-12T14:49:20","guid":{"rendered":"https:\/\/www.lafresca.fm\/?p=8626"},"modified":"2023-04-12T16:49:21","modified_gmt":"2023-04-12T14:49:21","slug":"entrevista-con-sergio-carrasco-portavoz-y-secretario-del-grupo-municipal-socialista-de-ibi","status":"publish","type":"post","link":"https:\/\/www.lafresca.fm\/entrevista-con-sergio-carrasco-portavoz-y-secretario-del-grupo-municipal-socialista-de-ibi\/","title":{"rendered":"Entrevista con Sergio Carrasco, portavoz y secretario del grupo municipal Socialista de Ibi"},"content":{"rendered":"\n<p>\ud83d\udcfb LA_ENTREVISTA: Con Sergio Carrasco, portavoz y secretario del Grupo Municipal Socialista en el Ayuntamiento de Ibi. La situaci\u00f3n pol\u00edtica local y candidatura para las pr\u00f3xima elecciones municipales del 28 de mayo.<\/p>\n\n\n\n<figure class=\"wp-block-audio\"><audio controls src=\"https:\/\/www.lafresca.fm\/f-solosog\/2023\/04\/Entrevista-Sergio-Carrasco-12423.mp3-ok.mp3\"><\/audio><\/figure>\n\n\n\n<figure class=\"wp-block-image size-large\"><img fetchpriority=\"high\" decoding=\"async\" width=\"1170\" height=\"878\" src=\"https:\/\/www.lafresca.fm\/f-solosog\/2023\/04\/Sergio-Carrasco-12423-1170x878.jpg\" alt=\"\" class=\"wp-image-8627\" srcset=\"https:\/\/www.lafresca.fm\/f-solosog\/2023\/04\/Sergio-Carrasco-12423-1170x878.jpg 1170w, https:\/\/www.lafresca.fm\/f-solosog\/2023\/04\/Sergio-Carrasco-12423-770x578.jpg 770w, https:\/\/www.lafresca.fm\/f-solosog\/2023\/04\/Sergio-Carrasco-12423-768x576.jpg 768w, https:\/\/www.lafresca.fm\/f-solosog\/2023\/04\/Sergio-Carrasco-12423-1536x1152.jpg 1536w, https:\/\/www.lafresca.fm\/f-solosog\/2023\/04\/Sergio-Carrasco-12423.jpg 2048w\" sizes=\"(max-width: 1170px) 100vw, 1170px\" \/><\/figure>\n<script>function PlayerjsAsync(){} if(window[\"Playerjs\"]){PlayerjsAsync();}<\/script>","protected":false},"excerpt":{"rendered":"<p>La situaci\u00f3n pol\u00edtica local y candidatura para las pr\u00f3xima elecciones municipales del 28 de mayo.<\/p>\n","protected":false},"author":2,"featured_media":8627,"comment_status":"closed","ping_status":"closed","sticky":false,"template":"","format":"standard","meta":{"_monsterinsights_skip_tracking":false,"_monsterinsights_sitenote_active":false,"_monsterinsights_sitenote_note":"","_monsterinsights_sitenote_category":0,"footnotes":""},"categories":[4],"tags":[128,389],"class_list":["post-8626","post","type-post","status-publish","format-standard","has-post-thumbnail","hentry","category-alicante","tag-ibi","tag-socialistas-ibi"],"aioseo_notices":[],"_links":{"self":[{"href":"https:\/\/www.lafresca.fm\/fresca-api-json\/wp\/v2\/posts\/8626","targetHints":{"allow":["GET"]}}],"collection":[{"href":"https:\/\/www.lafresca.fm\/fresca-api-json\/wp\/v2\/posts"}],"about":[{"href":"https:\/\/www.lafresca.fm\/fresca-api-json\/wp\/v2\/types\/post"}],"author":[{"embeddable":true,"href":"https:\/\/www.lafresca.fm\/fresca-api-json\/wp\/v2\/users\/2"}],"replies":[{"embeddable":true,"href":"https:\/\/www.lafresca.fm\/fresca-api-json\/wp\/v2\/comments?post=8626"}],"version-history":[{"count":1,"href":"https:\/\/www.lafresca.fm\/fresca-api-json\/wp\/v2\/posts\/8626\/revisions"}],"predecessor-version":[{"id":8629,"href":"https:\/\/www.lafresca.fm\/fresca-api-json\/wp\/v2\/posts\/8626\/revisions\/8629"}],"wp:featuredmedia":[{"embeddable":true,"href":"https:\/\/www.lafresca.fm\/fresca-api-json\/wp\/v2\/media\/8627"}],"wp:attachment":[{"href":"https:\/\/www.lafresca.fm\/fresca-api-json\/wp\/v2\/media?parent=8626"}],"wp:term":[{"taxonomy":"category","embeddable":true,"href":"https:\/\/www.lafresca.fm\/fresca-api-json\/wp\/v2\/categories?post=8626"},{"taxonomy":"post_tag","embeddable":true,"href":"https:\/\/www.lafresca.fm\/fresca-api-json\/wp\/v2\/tags?post=8626"}],"curies":[{"name":"wp","href":"https:\/\/api.w.org\/{rel}","templated":true}]}}