{"id":8634,"date":"2023-04-13T13:14:52","date_gmt":"2023-04-13T11:14:52","guid":{"rendered":"https:\/\/www.lafresca.fm\/?p=8634"},"modified":"2023-04-13T13:14:54","modified_gmt":"2023-04-13T11:14:54","slug":"lespai-fester-a-la-espera-de-la-decision-de-medio-ambiente-de-la-generalitat-para-la-colocacion-del-manto-de-la-virgen-en-onil","status":"publish","type":"post","link":"https:\/\/www.lafresca.fm\/lespai-fester-a-la-espera-de-la-decision-de-medio-ambiente-de-la-generalitat-para-la-colocacion-del-manto-de-la-virgen-en-onil\/","title":{"rendered":"Lespai Fester: A la espera de la decisi\u00f3n de Medio Ambiente de la Generalitat para la colocaci\u00f3n del Manto de la Virgen en Onil"},"content":{"rendered":"\n<p>\u2694\ufe0f LESPAI FESTER con Rosana Guill: \ud83c\udf89 La \u00daltima Hora de la colocaci\u00f3n del Manto de la Virgen que estaba programado para este s\u00e1bado 15 de abril.<\/p>\n\n\n\n<p>Por el momento, se est\u00e1 a la espera de un informe positivo por parte de la Conselleria de Medio Ambiente de la Generalitat Valenciana, tras el avistamiento, por parte de los t\u00e9cnicos forestales, de la especie de ave protegida \u201cChova piquirroja\u200b o chova de pico rojo\u201d en los alrededores de la Penya de la Sima, lugar donde se despliega el manto\u200b. Tal y como nos han contado hoy varios componentes de la asociaci\u00f3n del manto y Mar\u00eda Jos\u00e9 S\u00e1nchez, edil de Medio Ambiente del consistorio colivenc, la decisi\u00f3n final llegar\u00e1 ma\u00f1ana viernes.<\/p>\n\n\n\n<figure class=\"wp-block-audio\"><audio controls src=\"https:\/\/www.lafresca.fm\/f-solosog\/2023\/04\/lespai-fester-Manto-Virgen-13424.mp3-ok.mp3\"><\/audio><\/figure>\n\n\n\n<figure class=\"wp-block-image size-large\"><img fetchpriority=\"high\" decoding=\"async\" width=\"1170\" height=\"878\" src=\"https:\/\/www.lafresca.fm\/f-solosog\/2023\/04\/manto-de-la-virgen-13423-1170x878.jpg\" alt=\"\" class=\"wp-image-8636\" srcset=\"https:\/\/www.lafresca.fm\/f-solosog\/2023\/04\/manto-de-la-virgen-13423-1170x878.jpg 1170w, https:\/\/www.lafresca.fm\/f-solosog\/2023\/04\/manto-de-la-virgen-13423-770x578.jpg 770w, https:\/\/www.lafresca.fm\/f-solosog\/2023\/04\/manto-de-la-virgen-13423-768x576.jpg 768w, https:\/\/www.lafresca.fm\/f-solosog\/2023\/04\/manto-de-la-virgen-13423-1536x1152.jpg 1536w, https:\/\/www.lafresca.fm\/f-solosog\/2023\/04\/manto-de-la-virgen-13423.jpg 2048w\" sizes=\"(max-width: 1170px) 100vw, 1170px\" \/><\/figure>\n\n\n\n<p>\ud83d\udcdf Cada jueves a las 12, los Moros y Cristianos de Onil, en LESPAI FESTER \ud83c\udf99<\/p>\n\n\n\n<p><\/p>\n<script>function PlayerjsAsync(){} if(window[\"Playerjs\"]){PlayerjsAsync();}<\/script>","protected":false},"excerpt":{"rendered":"<p>La \u00daltima Hora de la colocaci\u00f3n del Manto de la Virgen que estaba programado para este s\u00e1bado 15 de abril.<\/p>\n","protected":false},"author":2,"featured_media":8636,"comment_status":"closed","ping_status":"closed","sticky":false,"template":"","format":"standard","meta":{"_monsterinsights_skip_tracking":false,"_monsterinsights_sitenote_active":false,"_monsterinsights_sitenote_note":"","_monsterinsights_sitenote_category":0,"footnotes":""},"categories":[4],"tags":[133],"class_list":["post-8634","post","type-post","status-publish","format-standard","has-post-thumbnail","hentry","category-alicante","tag-onil"],"aioseo_notices":[],"_links":{"self":[{"href":"https:\/\/www.lafresca.fm\/fresca-api-json\/wp\/v2\/posts\/8634","targetHints":{"allow":["GET"]}}],"collection":[{"href":"https:\/\/www.lafresca.fm\/fresca-api-json\/wp\/v2\/posts"}],"about":[{"href":"https:\/\/www.lafresca.fm\/fresca-api-json\/wp\/v2\/types\/post"}],"author":[{"embeddable":true,"href":"https:\/\/www.lafresca.fm\/fresca-api-json\/wp\/v2\/users\/2"}],"replies":[{"embeddable":true,"href":"https:\/\/www.lafresca.fm\/fresca-api-json\/wp\/v2\/comments?post=8634"}],"version-history":[{"count":1,"href":"https:\/\/www.lafresca.fm\/fresca-api-json\/wp\/v2\/posts\/8634\/revisions"}],"predecessor-version":[{"id":8637,"href":"https:\/\/www.lafresca.fm\/fresca-api-json\/wp\/v2\/posts\/8634\/revisions\/8637"}],"wp:featuredmedia":[{"embeddable":true,"href":"https:\/\/www.lafresca.fm\/fresca-api-json\/wp\/v2\/media\/8636"}],"wp:attachment":[{"href":"https:\/\/www.lafresca.fm\/fresca-api-json\/wp\/v2\/media?parent=8634"}],"wp:term":[{"taxonomy":"category","embeddable":true,"href":"https:\/\/www.lafresca.fm\/fresca-api-json\/wp\/v2\/categories?post=8634"},{"taxonomy":"post_tag","embeddable":true,"href":"https:\/\/www.lafresca.fm\/fresca-api-json\/wp\/v2\/tags?post=8634"}],"curies":[{"name":"wp","href":"https:\/\/api.w.org\/{rel}","templated":true}]}}