{"id":8638,"date":"2023-04-13T15:02:37","date_gmt":"2023-04-13T13:02:37","guid":{"rendered":"https:\/\/www.lafresca.fm\/?p=8638"},"modified":"2023-04-13T15:02:39","modified_gmt":"2023-04-13T13:02:39","slug":"la-judoca-de-castalla-adriana-rodriguez-presente-este-fin-de-semana-en-el-nacional-de-madrid","status":"publish","type":"post","link":"https:\/\/www.lafresca.fm\/la-judoca-de-castalla-adriana-rodriguez-presente-este-fin-de-semana-en-el-nacional-de-madrid\/","title":{"rendered":"La Judoca de Castalla Adriana Rodr\u00edguez, presente este fin de semana en el Nacional de Madrid"},"content":{"rendered":"\n<p>El de judo contar\u00e1 este fin de semana con la presencia de Adriana Rodr\u00edguez Salvador.<\/p>\n\n\n\n<p>Madrid acoge, durante este fin de semana, dos Nacionales junior.<\/p>\n\n\n\n<p>La deportista de Castalla es una de las grandes favoritas para llevarse el oro en la categor\u00eda de menos 57 kg. Adem\u00e1s, busca redimirse de la decepci\u00f3n sufrida hace dos semanas en la Copa de Europa de Coimbra, Portugal, donde cay\u00f3 eliminada en el primer combate.<\/p>\n\n\n\n<figure class=\"wp-block-image size-full\"><img fetchpriority=\"high\" decoding=\"async\" width=\"720\" height=\"960\" src=\"https:\/\/www.lafresca.fm\/f-solosog\/2023\/04\/341083972_778949797126752_7253059104030481445_n.jpg\" alt=\"\" class=\"wp-image-8639\" srcset=\"https:\/\/www.lafresca.fm\/f-solosog\/2023\/04\/341083972_778949797126752_7253059104030481445_n.jpg 720w, https:\/\/www.lafresca.fm\/f-solosog\/2023\/04\/341083972_778949797126752_7253059104030481445_n-578x770.jpg 578w\" sizes=\"(max-width: 720px) 100vw, 720px\" \/><\/figure>\n<script>function PlayerjsAsync(){} if(window[\"Playerjs\"]){PlayerjsAsync();}<\/script>","protected":false},"excerpt":{"rendered":"<p>Madrid acoge, durante este fin de semana, dos Nacionales junior.<\/p>\n","protected":false},"author":2,"featured_media":8639,"comment_status":"closed","ping_status":"closed","sticky":false,"template":"","format":"standard","meta":{"_monsterinsights_skip_tracking":false,"_monsterinsights_sitenote_active":false,"_monsterinsights_sitenote_note":"","_monsterinsights_sitenote_category":0,"footnotes":""},"categories":[4],"tags":[391,390],"class_list":["post-8638","post","type-post","status-publish","format-standard","has-post-thumbnail","hentry","category-alicante","tag-adriana-rodriguez","tag-judo"],"aioseo_notices":[],"_links":{"self":[{"href":"https:\/\/www.lafresca.fm\/fresca-api-json\/wp\/v2\/posts\/8638","targetHints":{"allow":["GET"]}}],"collection":[{"href":"https:\/\/www.lafresca.fm\/fresca-api-json\/wp\/v2\/posts"}],"about":[{"href":"https:\/\/www.lafresca.fm\/fresca-api-json\/wp\/v2\/types\/post"}],"author":[{"embeddable":true,"href":"https:\/\/www.lafresca.fm\/fresca-api-json\/wp\/v2\/users\/2"}],"replies":[{"embeddable":true,"href":"https:\/\/www.lafresca.fm\/fresca-api-json\/wp\/v2\/comments?post=8638"}],"version-history":[{"count":1,"href":"https:\/\/www.lafresca.fm\/fresca-api-json\/wp\/v2\/posts\/8638\/revisions"}],"predecessor-version":[{"id":8640,"href":"https:\/\/www.lafresca.fm\/fresca-api-json\/wp\/v2\/posts\/8638\/revisions\/8640"}],"wp:featuredmedia":[{"embeddable":true,"href":"https:\/\/www.lafresca.fm\/fresca-api-json\/wp\/v2\/media\/8639"}],"wp:attachment":[{"href":"https:\/\/www.lafresca.fm\/fresca-api-json\/wp\/v2\/media?parent=8638"}],"wp:term":[{"taxonomy":"category","embeddable":true,"href":"https:\/\/www.lafresca.fm\/fresca-api-json\/wp\/v2\/categories?post=8638"},{"taxonomy":"post_tag","embeddable":true,"href":"https:\/\/www.lafresca.fm\/fresca-api-json\/wp\/v2\/tags?post=8638"}],"curies":[{"name":"wp","href":"https:\/\/api.w.org\/{rel}","templated":true}]}}