{"id":8664,"date":"2023-04-14T10:29:15","date_gmt":"2023-04-14T08:29:15","guid":{"rendered":"https:\/\/www.lafresca.fm\/?p=8664"},"modified":"2023-04-14T10:29:17","modified_gmt":"2023-04-14T08:29:17","slug":"el-hasta-ahora-concejal-de-cs-en-el-ayuntamiento-de-ibi-se-pasa-a-la-candidatura-del-pp","status":"publish","type":"post","link":"https:\/\/www.lafresca.fm\/el-hasta-ahora-concejal-de-cs-en-el-ayuntamiento-de-ibi-se-pasa-a-la-candidatura-del-pp\/","title":{"rendered":"El hasta ahora concejal de Cs en el ayuntamiento de Ibi se pasa a la candidatura del PP"},"content":{"rendered":"\n<p>A trav\u00e9s de un comunicado, Jorge Peleteiro, ha anunciado su baja de la formaci\u00f3n naranja. <\/p>\n\n\n\n<p>Por la presente, quiero poner en conocimiento de medios de comunicaci\u00f3n y, especialmente, de los vecinos y vecinas de Ibi, he formalizado mi baja en Ciudadanos. Sigo creyendo en los valores de un proyecto de centro, liberal y reformista para mi pueblo, mi Comunidad y mi pa\u00eds y, dada la deriva emprendida por la c\u00fapula dirigente de Cs a nivel nacional, y especialmente tras las decisiones tomadas por el partido a nivel provincial, he solicitado mi pase al grupo de concejales no adscritos en el Ayuntamiento de Ibi para seguir trabajando por nuestros vecinos y vecinas.<\/p>\n\n\n\n<p>Desde la mayor\u00eda de las bases de Cs venimos demandando la unificaci\u00f3n del Centro Derecha sin que se haya respetado ni la voz ni las opiniones de la mayor\u00eda de los militantes. Es por ello que, junto a otros compa\u00f1eros, he decidido aceptar la oferta del actual alcalde de Ibi, Rafael Serralta, para integrarme en su candidatura para las pr\u00f3ximas elecciones. Agradezco a Rafa Serralta la confianza depositada en m\u00ed para acompa\u00f1arle y afronto esta nueva etapa con mucha ilusi\u00f3n agradeciendo el apoyo y la confianza de todas las personas que en su momento me dieron la oportunidad de ser concejal del ayuntamiento de Ibi. Agradezco a mi compa\u00f1ero Nicol\u00e1s Mart\u00ednez la confianza que siempre me dio y al que me sigue y seguir\u00e1 uniendo una gran amistad.<\/p>\n\n\n\n<figure class=\"wp-block-image size-full\"><img fetchpriority=\"high\" decoding=\"async\" width=\"960\" height=\"960\" src=\"https:\/\/www.lafresca.fm\/f-solosog\/2023\/04\/38404527_103666577240302_5516056782067204096_n.jpg\" alt=\"\" class=\"wp-image-8665\" srcset=\"https:\/\/www.lafresca.fm\/f-solosog\/2023\/04\/38404527_103666577240302_5516056782067204096_n.jpg 960w, https:\/\/www.lafresca.fm\/f-solosog\/2023\/04\/38404527_103666577240302_5516056782067204096_n-770x770.jpg 770w, https:\/\/www.lafresca.fm\/f-solosog\/2023\/04\/38404527_103666577240302_5516056782067204096_n-150x150.jpg 150w, https:\/\/www.lafresca.fm\/f-solosog\/2023\/04\/38404527_103666577240302_5516056782067204096_n-768x768.jpg 768w, https:\/\/www.lafresca.fm\/f-solosog\/2023\/04\/38404527_103666577240302_5516056782067204096_n-100x100.jpg 100w, https:\/\/www.lafresca.fm\/f-solosog\/2023\/04\/38404527_103666577240302_5516056782067204096_n-370x370.jpg 370w\" sizes=\"(max-width: 960px) 100vw, 960px\" \/><\/figure>\n<script>function PlayerjsAsync(){} if(window[\"Playerjs\"]){PlayerjsAsync();}<\/script>","protected":false},"excerpt":{"rendered":"<p>A trav\u00e9s de un comunicado, Jorge, ha anunciado su baja de la formaci\u00f3n naranja.<\/p>\n","protected":false},"author":2,"featured_media":8665,"comment_status":"closed","ping_status":"closed","sticky":false,"template":"","format":"standard","meta":{"_monsterinsights_skip_tracking":false,"_monsterinsights_sitenote_active":false,"_monsterinsights_sitenote_note":"","_monsterinsights_sitenote_category":0,"footnotes":""},"categories":[4],"tags":[128],"class_list":["post-8664","post","type-post","status-publish","format-standard","has-post-thumbnail","hentry","category-alicante","tag-ibi"],"aioseo_notices":[],"_links":{"self":[{"href":"https:\/\/www.lafresca.fm\/fresca-api-json\/wp\/v2\/posts\/8664","targetHints":{"allow":["GET"]}}],"collection":[{"href":"https:\/\/www.lafresca.fm\/fresca-api-json\/wp\/v2\/posts"}],"about":[{"href":"https:\/\/www.lafresca.fm\/fresca-api-json\/wp\/v2\/types\/post"}],"author":[{"embeddable":true,"href":"https:\/\/www.lafresca.fm\/fresca-api-json\/wp\/v2\/users\/2"}],"replies":[{"embeddable":true,"href":"https:\/\/www.lafresca.fm\/fresca-api-json\/wp\/v2\/comments?post=8664"}],"version-history":[{"count":1,"href":"https:\/\/www.lafresca.fm\/fresca-api-json\/wp\/v2\/posts\/8664\/revisions"}],"predecessor-version":[{"id":8666,"href":"https:\/\/www.lafresca.fm\/fresca-api-json\/wp\/v2\/posts\/8664\/revisions\/8666"}],"wp:featuredmedia":[{"embeddable":true,"href":"https:\/\/www.lafresca.fm\/fresca-api-json\/wp\/v2\/media\/8665"}],"wp:attachment":[{"href":"https:\/\/www.lafresca.fm\/fresca-api-json\/wp\/v2\/media?parent=8664"}],"wp:term":[{"taxonomy":"category","embeddable":true,"href":"https:\/\/www.lafresca.fm\/fresca-api-json\/wp\/v2\/categories?post=8664"},{"taxonomy":"post_tag","embeddable":true,"href":"https:\/\/www.lafresca.fm\/fresca-api-json\/wp\/v2\/tags?post=8664"}],"curies":[{"name":"wp","href":"https:\/\/api.w.org\/{rel}","templated":true}]}}