{"id":8667,"date":"2023-04-14T11:27:29","date_gmt":"2023-04-14T09:27:29","guid":{"rendered":"https:\/\/www.lafresca.fm\/?p=8667"},"modified":"2023-04-14T11:27:31","modified_gmt":"2023-04-14T09:27:31","slug":"el-psoe-de-ibi-presenta-su-candidatura-de-cara-a-las-elecciones-del-28-de-mayo","status":"publish","type":"post","link":"https:\/\/www.lafresca.fm\/el-psoe-de-ibi-presenta-su-candidatura-de-cara-a-las-elecciones-del-28-de-mayo\/","title":{"rendered":"El PSOE de Ibi presenta su candidatura de cara a las elecciones del 28 de mayo"},"content":{"rendered":"\n<p>La Agrupaci\u00f3n Socialista de Ibi ha presentado este jueves el grupo de mujeres y hombres con el que se presenta a las Elecciones municipales del pr\u00f3ximo 28 de mayo. El candidato socialista, Sergio Carrasco, explica que \u201ctodos los miembros de la lista presentan tres caracter\u00edsticas: capacidad de trabajo, solvencia demostrada en sus ocupaciones y valores progresistas\u201d.<\/p>\n\n\n\n<p>Seis de los siete miembros del actual Grupo Socialista repiten, junto con nuevas incorporaciones \u201cllenas de ilusi\u00f3n y ganas de trabajar por Ibi\u201d.<\/p>\n\n\n\n<p>Los integrantes de a candidatura son, en orden de lista, Sergio Carrasco, Nuria Pina, David Rojas, Montse Agull\u00f3, Ram\u00f3n Cintas, Blanca Navarro, Paula Peidr\u00f3, \u00d3scar Carri\u00f3n, Roc\u00edo Arenas, Jes\u00fas Mu\u00f1oz, Custodia Palomino, Francisco Verd\u00fa, Almudena Delgado, Alberto Hern\u00e1ndez, Blanca Villa, Carlos Zambrana, Cabe Casado y Pablo Santiago. Cierran la lista los tres \u00faltimos candidatos y secretarios generales socialistas; Susana Hidalgo Vidal, Antonio Martos Bueno y Vicente Garc\u00eda Pascual, algo que simboliza, en palabras de Sergio Carrasco, \u00abque el proyecto socialista se renueva pero conserva su unidad, contando tambi\u00e9n con la experiencia de quienes han estado en nuestro lugar antes\u00bb.<\/p>\n\n\n\n<figure class=\"wp-block-image size-large\"><img fetchpriority=\"high\" decoding=\"async\" width=\"1170\" height=\"658\" src=\"https:\/\/www.lafresca.fm\/f-solosog\/2023\/04\/Grupo-2-1170x658.jpg\" alt=\"\" class=\"wp-image-8668\" srcset=\"https:\/\/www.lafresca.fm\/f-solosog\/2023\/04\/Grupo-2-1170x658.jpg 1170w, https:\/\/www.lafresca.fm\/f-solosog\/2023\/04\/Grupo-2-770x433.jpg 770w, https:\/\/www.lafresca.fm\/f-solosog\/2023\/04\/Grupo-2-768x432.jpg 768w, https:\/\/www.lafresca.fm\/f-solosog\/2023\/04\/Grupo-2-1536x864.jpg 1536w, https:\/\/www.lafresca.fm\/f-solosog\/2023\/04\/Grupo-2-2048x1152.jpg 2048w\" sizes=\"(max-width: 1170px) 100vw, 1170px\" \/><\/figure>\n\n\n\n<p>Carrasco explica que \u00abel objetivo de todos los miembros de esta candidatura es trabajar duro para que Ibi vuelva a ser el municipio pr\u00f3spero, vivo y din\u00e1mico que todos recordamos\u00bb.<\/p>\n\n\n\n<p>El candidato socialista indica que \u00ablas expectativas son buenas, el equipo est\u00e1 ilusionado y se nota las ganas de trabajar\u201d y, por su parte, afirma que est\u00e1 \u201cpreparado y asume el reto y la responsabilidad de hacer de nuestro pueblo el mejor Ibi\u201d.<\/p>\n<script>function PlayerjsAsync(){} if(window[\"Playerjs\"]){PlayerjsAsync();}<\/script>","protected":false},"excerpt":{"rendered":"<p>Seis de los siete miembros del actual Grupo Socialista repiten<\/p>\n","protected":false},"author":2,"featured_media":8668,"comment_status":"closed","ping_status":"closed","sticky":false,"template":"","format":"standard","meta":{"_monsterinsights_skip_tracking":false,"_monsterinsights_sitenote_active":false,"_monsterinsights_sitenote_note":"","_monsterinsights_sitenote_category":0,"footnotes":""},"categories":[4],"tags":[128,252],"class_list":["post-8667","post","type-post","status-publish","format-standard","has-post-thumbnail","hentry","category-alicante","tag-ibi","tag-psoe-ibi"],"aioseo_notices":[],"_links":{"self":[{"href":"https:\/\/www.lafresca.fm\/fresca-api-json\/wp\/v2\/posts\/8667","targetHints":{"allow":["GET"]}}],"collection":[{"href":"https:\/\/www.lafresca.fm\/fresca-api-json\/wp\/v2\/posts"}],"about":[{"href":"https:\/\/www.lafresca.fm\/fresca-api-json\/wp\/v2\/types\/post"}],"author":[{"embeddable":true,"href":"https:\/\/www.lafresca.fm\/fresca-api-json\/wp\/v2\/users\/2"}],"replies":[{"embeddable":true,"href":"https:\/\/www.lafresca.fm\/fresca-api-json\/wp\/v2\/comments?post=8667"}],"version-history":[{"count":1,"href":"https:\/\/www.lafresca.fm\/fresca-api-json\/wp\/v2\/posts\/8667\/revisions"}],"predecessor-version":[{"id":8669,"href":"https:\/\/www.lafresca.fm\/fresca-api-json\/wp\/v2\/posts\/8667\/revisions\/8669"}],"wp:featuredmedia":[{"embeddable":true,"href":"https:\/\/www.lafresca.fm\/fresca-api-json\/wp\/v2\/media\/8668"}],"wp:attachment":[{"href":"https:\/\/www.lafresca.fm\/fresca-api-json\/wp\/v2\/media?parent=8667"}],"wp:term":[{"taxonomy":"category","embeddable":true,"href":"https:\/\/www.lafresca.fm\/fresca-api-json\/wp\/v2\/categories?post=8667"},{"taxonomy":"post_tag","embeddable":true,"href":"https:\/\/www.lafresca.fm\/fresca-api-json\/wp\/v2\/tags?post=8667"}],"curies":[{"name":"wp","href":"https:\/\/api.w.org\/{rel}","templated":true}]}}