{"id":8696,"date":"2023-04-18T15:33:07","date_gmt":"2023-04-18T13:33:07","guid":{"rendered":"https:\/\/www.lafresca.fm\/?p=8696"},"modified":"2023-04-18T15:34:48","modified_gmt":"2023-04-18T13:34:48","slug":"entrevista-con-marisa-guillem-cebrian-autora-del-poemario-la-esencia-del-pincel","status":"publish","type":"post","link":"https:\/\/www.lafresca.fm\/entrevista-con-marisa-guillem-cebrian-autora-del-poemario-la-esencia-del-pincel\/","title":{"rendered":"Entrevista con Marisa Guillem Cebri\u00e1n, autora del poemario &#8216;La Esencia del Pincel&#8217;"},"content":{"rendered":"\n<p>\ud83d\udcfb LA_ENTREVISTA: Marisa Guillem Cebri\u00e1n, maestra durante 34 a\u00f1os, los \u00faltimos 24 en el Ies La Creueta Onil. El viernes 21 de abril, a las 20:00\u202fh, presenta su \u00faltimo libro en formato poemario en el Centro Cultural de Onil. La Esencia del Pincel, as\u00ed se titula el libro, donde hace un repaso de sus a\u00f1os como docente y dedicado, como ella mismo dice, \u201cA sus alumnos que tanto le han ense\u00f1ado\u201d.<\/p>\n\n\n\n<figure class=\"wp-block-audio\"><audio controls src=\"https:\/\/www.lafresca.fm\/f-solosog\/2023\/04\/Enrevista-Marisa-Guillem-18423.mp3-ok.mp3\"><\/audio><\/figure>\n\n\n\n<figure class=\"wp-block-image size-large\"><img fetchpriority=\"high\" decoding=\"async\" width=\"1170\" height=\"878\" src=\"https:\/\/www.lafresca.fm\/f-solosog\/2023\/04\/marisa-guillem-cebrian-18423-1170x878.jpg\" alt=\"\" class=\"wp-image-8698\" srcset=\"https:\/\/www.lafresca.fm\/f-solosog\/2023\/04\/marisa-guillem-cebrian-18423-1170x878.jpg 1170w, https:\/\/www.lafresca.fm\/f-solosog\/2023\/04\/marisa-guillem-cebrian-18423-770x578.jpg 770w, https:\/\/www.lafresca.fm\/f-solosog\/2023\/04\/marisa-guillem-cebrian-18423-768x576.jpg 768w, https:\/\/www.lafresca.fm\/f-solosog\/2023\/04\/marisa-guillem-cebrian-18423-1536x1152.jpg 1536w, https:\/\/www.lafresca.fm\/f-solosog\/2023\/04\/marisa-guillem-cebrian-18423.jpg 2000w\" sizes=\"(max-width: 1170px) 100vw, 1170px\" \/><\/figure>\n\n\n\n<p><\/p>\n<script>function PlayerjsAsync(){} if(window[\"Playerjs\"]){PlayerjsAsync();}<\/script>","protected":false},"excerpt":{"rendered":"<p>Marisa ha dedicado los \u00faltimos 24 a\u00f1os a la docencia en el Ies La Creueta Onil.<\/p>\n","protected":false},"author":2,"featured_media":8698,"comment_status":"closed","ping_status":"closed","sticky":false,"template":"","format":"standard","meta":{"_monsterinsights_skip_tracking":false,"_monsterinsights_sitenote_active":false,"_monsterinsights_sitenote_note":"","_monsterinsights_sitenote_category":0,"footnotes":""},"categories":[4],"tags":[133],"class_list":["post-8696","post","type-post","status-publish","format-standard","has-post-thumbnail","hentry","category-alicante","tag-onil"],"aioseo_notices":[],"_links":{"self":[{"href":"https:\/\/www.lafresca.fm\/fresca-api-json\/wp\/v2\/posts\/8696","targetHints":{"allow":["GET"]}}],"collection":[{"href":"https:\/\/www.lafresca.fm\/fresca-api-json\/wp\/v2\/posts"}],"about":[{"href":"https:\/\/www.lafresca.fm\/fresca-api-json\/wp\/v2\/types\/post"}],"author":[{"embeddable":true,"href":"https:\/\/www.lafresca.fm\/fresca-api-json\/wp\/v2\/users\/2"}],"replies":[{"embeddable":true,"href":"https:\/\/www.lafresca.fm\/fresca-api-json\/wp\/v2\/comments?post=8696"}],"version-history":[{"count":2,"href":"https:\/\/www.lafresca.fm\/fresca-api-json\/wp\/v2\/posts\/8696\/revisions"}],"predecessor-version":[{"id":8701,"href":"https:\/\/www.lafresca.fm\/fresca-api-json\/wp\/v2\/posts\/8696\/revisions\/8701"}],"wp:featuredmedia":[{"embeddable":true,"href":"https:\/\/www.lafresca.fm\/fresca-api-json\/wp\/v2\/media\/8698"}],"wp:attachment":[{"href":"https:\/\/www.lafresca.fm\/fresca-api-json\/wp\/v2\/media?parent=8696"}],"wp:term":[{"taxonomy":"category","embeddable":true,"href":"https:\/\/www.lafresca.fm\/fresca-api-json\/wp\/v2\/categories?post=8696"},{"taxonomy":"post_tag","embeddable":true,"href":"https:\/\/www.lafresca.fm\/fresca-api-json\/wp\/v2\/tags?post=8696"}],"curies":[{"name":"wp","href":"https:\/\/api.w.org\/{rel}","templated":true}]}}