{"id":8737,"date":"2023-04-20T11:58:53","date_gmt":"2023-04-20T09:58:53","guid":{"rendered":"https:\/\/www.lafresca.fm\/?p=8737"},"modified":"2023-04-20T12:04:29","modified_gmt":"2023-04-20T10:04:29","slug":"la-xxix-fira-de-sant-isidre-vuelve-a-los-origenes-con-el-protagonismo-de-la-automocion-y-la-maquinaria-agricola-en-el-cartel-oficial","status":"publish","type":"post","link":"https:\/\/www.lafresca.fm\/la-xxix-fira-de-sant-isidre-vuelve-a-los-origenes-con-el-protagonismo-de-la-automocion-y-la-maquinaria-agricola-en-el-cartel-oficial\/","title":{"rendered":"La XXIX Fira de Sant Isidre vuelve a los or\u00edgenes con el protagonismo de la automoci\u00f3n y la maquinaria agr\u00edcola en el cartel oficial"},"content":{"rendered":"\n<p>El Ayuntamiento de Castalla trabaja para que la muestra se convierta en un referente este a\u00f1o 2023, en una edici\u00f3n que apuesta por la calidad de los expositores comerciales<\/p>\n\n\n\n<p>La Fira de Sant Isidre de Castalla ha presentado el cartel oficial de su XXIX edici\u00f3n, que este a\u00f1o vuelve a los or\u00edgenes y recupera el protagonismo de dos de sus elementos fundacionales: la automoci\u00f3n y la maquinaria agr\u00edcola. Junto a ellos, destacan otros elementos imprescindibles en la celebraci\u00f3n como la mejor gastronom\u00eda y el castillo como el principal atractivo tur\u00edstico de la capital de la Foia de Castalla.<\/p>\n\n\n\n<p>La presentaci\u00f3n del cartel anunciador confirma la inminencia de la celebraci\u00f3n de la feria, que tendr\u00e1 lugar los d\u00edas 12, 13 y 14 de mayo en la ciudad. En este sentido, el alcalde de Castalla, Antonio Bernabeu, ha asegurado que \u201cel cartel de este a\u00f1o se alinea con uno de los objetivos estrat\u00e9gicos de la organizaci\u00f3n de la feria, que es recuperar el protagonismo de los sectores de la automoci\u00f3n y la maquinaria agr\u00edcola\u201d. El primer edil ha a\u00f1adido que \u201cestos dos elementos fundamentales de la Fira de Sant Isidre la han ayudado a crecer a lo largo de estas veintinueve ediciones\u201d. Bernabeu ha explicado que \u201cel colorido de nuestro cartel y el protagonismo de los elementos m\u00e1s importantes de la feria hacen que todas las personas que lo vean se hagan una idea de lo que van a encontrar con un vistazo. Una fiesta donde todos y todas est\u00e1n invitados\u201d.<\/p>\n\n\n\n<figure class=\"wp-block-image size-large\"><img fetchpriority=\"high\" decoding=\"async\" width=\"1170\" height=\"1170\" src=\"https:\/\/www.lafresca.fm\/f-solosog\/2023\/04\/Castalla-RdP-presentacio-cartell-Fira-Sant-Isidre-1170x1170.jpg\" alt=\"\" class=\"wp-image-8738\" srcset=\"https:\/\/www.lafresca.fm\/f-solosog\/2023\/04\/Castalla-RdP-presentacio-cartell-Fira-Sant-Isidre-1170x1170.jpg 1170w, https:\/\/www.lafresca.fm\/f-solosog\/2023\/04\/Castalla-RdP-presentacio-cartell-Fira-Sant-Isidre-770x770.jpg 770w, https:\/\/www.lafresca.fm\/f-solosog\/2023\/04\/Castalla-RdP-presentacio-cartell-Fira-Sant-Isidre-150x150.jpg 150w, https:\/\/www.lafresca.fm\/f-solosog\/2023\/04\/Castalla-RdP-presentacio-cartell-Fira-Sant-Isidre-768x768.jpg 768w, https:\/\/www.lafresca.fm\/f-solosog\/2023\/04\/Castalla-RdP-presentacio-cartell-Fira-Sant-Isidre-1536x1536.jpg 1536w, https:\/\/www.lafresca.fm\/f-solosog\/2023\/04\/Castalla-RdP-presentacio-cartell-Fira-Sant-Isidre-2048x2048.jpg 2048w, https:\/\/www.lafresca.fm\/f-solosog\/2023\/04\/Castalla-RdP-presentacio-cartell-Fira-Sant-Isidre-100x100.jpg 100w, https:\/\/www.lafresca.fm\/f-solosog\/2023\/04\/Castalla-RdP-presentacio-cartell-Fira-Sant-Isidre-370x370.jpg 370w\" sizes=\"(max-width: 1170px) 100vw, 1170px\" \/><\/figure>\n\n\n\n<p>As\u00ed, se trata de un dise\u00f1o claro y limpio, donde la mezcla de colores destaca sobre un fondo blanco y simbolizan perfectamente el esp\u00edritu de esta celebraci\u00f3n que tanto gusta a los habitantes de Castalla, y de todas las poblaciones vecinas que nos visitan durante este fin de semana. El equipo organizador espera la visita de miles de personas entre el viernes y el domingo de mayo, para disfrutar de los expositores comerciales, la artesan\u00eda, la gastronom\u00eda y la hosteler\u00eda locales \u2013a la que este a\u00f1o se suma una nueva propuesta en forma de Porrat Alacant\u00ed-, los espect\u00e1culos musicales, las atracciones infantiles.<\/p>\n\n\n\n<p>Asimismo, el alcalde tambi\u00e9n ha incidido en la apuesta de esta edici\u00f3n por la diferenciaci\u00f3n y la calidad: \u201cEste a\u00f1o hemos recuperado a la automoci\u00f3n y la maquinaria agr\u00edcola como los pilares sobre los que crece la feria de Castalla, hemos ampliado los espacios de estos sectores y hemos introducido nuevos expositores, con la captaci\u00f3n de nuevos profesionales, que complementan a los tradicionales concesionarios locales\u201d. Tal y como ha dicho Bernabeu, \u201ctodo ello ya se puede ver desde el dise\u00f1o del cartel anunciador, y demuestra el trabajo que hemos llevado a cabo desde la organizaci\u00f3n para dirigir a la Fira de Sant Isidre hacia los objetivos que hemos marcado\u201d.<\/p>\n\n\n\n<p>Adem\u00e1s, la concejala de Turismo, Maite Gimeno, ha destacado la importancia de la Fira de Sant Isidre para el turismo de proximidad, ya que \u201cest\u00e1n presentes numerosos operadores de las provincias de Alicante y Val\u00e8ncia, que van desde la red de proximidad hasta llegar a aquellas personas que nos visitan desde m\u00e1s lejos y pernoctan en Castalla para vivir la experiencia de esta feria castelluda tan especial\u201d.<\/p>\n\n\n<script>function PlayerjsAsync(){} if(window[\"Playerjs\"]){PlayerjsAsync();}<\/script>","protected":false},"excerpt":{"rendered":"<p>El Ayuntamiento de Castalla trabaja para que la muestra se convierta en un referente este a\u00f1o 2023, en una edici\u00f3n que apuesta por la calidad de los expositores comerciales La Fira de Sant Isidre de Castalla ha presentado el cartel oficial de su XXIX edici\u00f3n, que este a\u00f1o vuelve a ...<\/p>\n","protected":false},"author":2,"featured_media":8738,"comment_status":"closed","ping_status":"closed","sticky":false,"template":"","format":"standard","meta":{"_monsterinsights_skip_tracking":false,"_monsterinsights_sitenote_active":false,"_monsterinsights_sitenote_note":"","_monsterinsights_sitenote_category":0,"footnotes":""},"categories":[4],"tags":[144],"class_list":["post-8737","post","type-post","status-publish","format-standard","has-post-thumbnail","hentry","category-alicante","tag-castalla"],"aioseo_notices":[],"_links":{"self":[{"href":"https:\/\/www.lafresca.fm\/fresca-api-json\/wp\/v2\/posts\/8737","targetHints":{"allow":["GET"]}}],"collection":[{"href":"https:\/\/www.lafresca.fm\/fresca-api-json\/wp\/v2\/posts"}],"about":[{"href":"https:\/\/www.lafresca.fm\/fresca-api-json\/wp\/v2\/types\/post"}],"author":[{"embeddable":true,"href":"https:\/\/www.lafresca.fm\/fresca-api-json\/wp\/v2\/users\/2"}],"replies":[{"embeddable":true,"href":"https:\/\/www.lafresca.fm\/fresca-api-json\/wp\/v2\/comments?post=8737"}],"version-history":[{"count":3,"href":"https:\/\/www.lafresca.fm\/fresca-api-json\/wp\/v2\/posts\/8737\/revisions"}],"predecessor-version":[{"id":8742,"href":"https:\/\/www.lafresca.fm\/fresca-api-json\/wp\/v2\/posts\/8737\/revisions\/8742"}],"wp:featuredmedia":[{"embeddable":true,"href":"https:\/\/www.lafresca.fm\/fresca-api-json\/wp\/v2\/media\/8738"}],"wp:attachment":[{"href":"https:\/\/www.lafresca.fm\/fresca-api-json\/wp\/v2\/media?parent=8737"}],"wp:term":[{"taxonomy":"category","embeddable":true,"href":"https:\/\/www.lafresca.fm\/fresca-api-json\/wp\/v2\/categories?post=8737"},{"taxonomy":"post_tag","embeddable":true,"href":"https:\/\/www.lafresca.fm\/fresca-api-json\/wp\/v2\/tags?post=8737"}],"curies":[{"name":"wp","href":"https:\/\/api.w.org\/{rel}","templated":true}]}}