{"id":8863,"date":"2023-04-21T11:55:59","date_gmt":"2023-04-21T09:55:59","guid":{"rendered":"https:\/\/www.lafresca.fm\/?p=8863"},"modified":"2023-04-21T11:56:03","modified_gmt":"2023-04-21T09:56:03","slug":"articulo-de-pepe-palau-teniente-de-alcalde-de-ibi-toda-la-verdad-y-nada-mas-que-la-verdad","status":"publish","type":"post","link":"https:\/\/www.lafresca.fm\/articulo-de-pepe-palau-teniente-de-alcalde-de-ibi-toda-la-verdad-y-nada-mas-que-la-verdad\/","title":{"rendered":"Articulo de Pepe Palau, Teniente de Alcalde de Ibi. &#8216;Toda la verdad y nada m\u00e1s que la verdad&#8217;"},"content":{"rendered":"\n<p>Recuerdo con grand\u00edsima ilusi\u00f3n el momento en el que me plantearon la posibilidad de poder formar parte del proyecto de Rafael Serralta para ayudar a desarrollar el deporte en mi querido pueblo, Ibi. En aquel momento pens\u00e9: \u201d\u00bfqu\u00e9 mejor que volver al pueblo que me vio crecer como deportista y tener la oportunidad de seguir dedic\u00e1ndome a lo que me apasiona?\u201d. Aunque tuve sentimientos encontrados, puesto que el cargo acarreaba una gran responsabilidad, decid\u00ed embarcarme y volcarme en el trabajo. Agradec\u00ed la confianza depositada en m\u00ed para formar parte de un equipo, con compa\u00f1eros en los que confiaba y pensaba que compart\u00edan los mismos valores que yo: responsabilidad, cercan\u00eda, honestidad, lealtad y respeto.<\/p>\n\n\n\n<p>Ahora que todos sab\u00e9is que no formar\u00e9 parte del nuevo equipo, siento la necesidad de exponer los motivos que han provocado esta situaci\u00f3n. Considero que la dignidad y los principios no se negocian y, desgraciadamente, he visto derrumbarse todos los valores con los que un d\u00eda comenzamos el proyecto.<\/p>\n\n\n\n<p>Han sido semanas duras desde que la noticia se hizo p\u00fablica. He escuchado comentarios que han da\u00f1ado mi integridad como persona y como profesional y que no estoy dispuesto a tolerar, porque verdad s\u00f3lo hay una. Es muy duro ver c\u00f3mo esas mismas personas que decidieron apostar por m\u00ed, son las mismas que intentan hacer da\u00f1o creando rumores falsos. No, no ha habido intenciones pol\u00edticas, ni listas paralelas, ni conspiraciones contra ning\u00fan miembro del equipo.<\/p>\n\n\n\n<figure class=\"wp-block-image size-large is-resized\"><img fetchpriority=\"high\" decoding=\"async\" src=\"https:\/\/www.lafresca.fm\/f-solosog\/2023\/04\/9f1fc35cf3af0b0e0843be8cb6cbd88d-1170x1170.jpg\" alt=\"\" class=\"wp-image-8864\" width=\"531\" height=\"531\" srcset=\"https:\/\/www.lafresca.fm\/f-solosog\/2023\/04\/9f1fc35cf3af0b0e0843be8cb6cbd88d-1170x1170.jpg 1170w, https:\/\/www.lafresca.fm\/f-solosog\/2023\/04\/9f1fc35cf3af0b0e0843be8cb6cbd88d-770x770.jpg 770w, https:\/\/www.lafresca.fm\/f-solosog\/2023\/04\/9f1fc35cf3af0b0e0843be8cb6cbd88d-150x150.jpg 150w, https:\/\/www.lafresca.fm\/f-solosog\/2023\/04\/9f1fc35cf3af0b0e0843be8cb6cbd88d-768x768.jpg 768w, https:\/\/www.lafresca.fm\/f-solosog\/2023\/04\/9f1fc35cf3af0b0e0843be8cb6cbd88d-100x100.jpg 100w, https:\/\/www.lafresca.fm\/f-solosog\/2023\/04\/9f1fc35cf3af0b0e0843be8cb6cbd88d-370x370.jpg 370w, https:\/\/www.lafresca.fm\/f-solosog\/2023\/04\/9f1fc35cf3af0b0e0843be8cb6cbd88d.jpg 1400w\" sizes=\"(max-width: 531px) 100vw, 531px\" \/><\/figure>\n\n\n\n<p>Quienes nos vamos s\u00f3lo hemos trabajado duro por y para nuestro querido pueblo, sin ning\u00fan otro tipo de inter\u00e9s. Nos vamos, o no nos quieren, porque parece que eso molesta. Se supone que el l\u00edder, que un d\u00eda confi\u00f3 en m\u00ed, ha dejado de hacerlo, pero desconozco el motivo porque no ha tenido siquiera la valent\u00eda de comunic\u00e1rmelo.<\/p>\n\n\n\n<p>Como un buen amigo dice: \u201cA veces uno se arrepiente, y no tanto de las cosas que hizo mal, sino de las que hizo bien por la gente equivocada\u201d. Esa misma sensaci\u00f3n es la que tengo en estos momentos despu\u00e9s de cuatro a\u00f1os. Me he entregado en cuerpo y alma por y para este proyecto y nunca, nunca esperaba este comportamiento a cambio.<\/p>\n\n\n\n<p>Sin embargo, a pesar de todo, creo que la decepci\u00f3n tambi\u00e9n nos ense\u00f1a sobre la espera, las ilusiones y nuestra capacidad de ir m\u00e1s all\u00e1. Es dolorosa, pero est\u00e1 llena de sabidur\u00eda. De esta gran decepci\u00f3n he aprendido muchas cosas, pero, sobre todo a valorar a mis compa\u00f1eros, los de verdad. Los que durante estos cuatro a\u00f1os han luchado con honestidad, lealtad y profesionalidad d\u00eda tras d\u00eda. S\u00f3lo nosotros sabemos lo que hemos sufrido y trabajado juntos. Al resto, los que se quedan en este proyecto renovado y de \u201caire fresco\u201d, les deseo de coraz\u00f3n que alg\u00fan d\u00eda, por el bien del pueblo, vean este proyecto con los mismos ojos que lo vimos cuando lo iniciamos los que ahora nos marchamos.<\/p>\n\n\n\n<p>Gracias de coraz\u00f3n.<\/p>\n\n\n\n<p><strong><em>Pepe Palau<\/em><\/strong><\/p>\n\n\n\n<p><strong><em>Teniente de Alcalde del \u00e1rea de deportes.<\/em><\/strong><\/p>\n<script>function PlayerjsAsync(){} if(window[\"Playerjs\"]){PlayerjsAsync();}<\/script>","protected":false},"excerpt":{"rendered":"<p>&#8216;Toda la verdad y nada m\u00e1s que la verdad&#8217;<\/p>\n","protected":false},"author":2,"featured_media":8864,"comment_status":"closed","ping_status":"closed","sticky":false,"template":"","format":"standard","meta":{"_monsterinsights_skip_tracking":false,"_monsterinsights_sitenote_active":false,"_monsterinsights_sitenote_note":"","_monsterinsights_sitenote_category":0,"footnotes":""},"categories":[4],"tags":[128],"class_list":["post-8863","post","type-post","status-publish","format-standard","has-post-thumbnail","hentry","category-alicante","tag-ibi"],"aioseo_notices":[],"_links":{"self":[{"href":"https:\/\/www.lafresca.fm\/fresca-api-json\/wp\/v2\/posts\/8863","targetHints":{"allow":["GET"]}}],"collection":[{"href":"https:\/\/www.lafresca.fm\/fresca-api-json\/wp\/v2\/posts"}],"about":[{"href":"https:\/\/www.lafresca.fm\/fresca-api-json\/wp\/v2\/types\/post"}],"author":[{"embeddable":true,"href":"https:\/\/www.lafresca.fm\/fresca-api-json\/wp\/v2\/users\/2"}],"replies":[{"embeddable":true,"href":"https:\/\/www.lafresca.fm\/fresca-api-json\/wp\/v2\/comments?post=8863"}],"version-history":[{"count":1,"href":"https:\/\/www.lafresca.fm\/fresca-api-json\/wp\/v2\/posts\/8863\/revisions"}],"predecessor-version":[{"id":8865,"href":"https:\/\/www.lafresca.fm\/fresca-api-json\/wp\/v2\/posts\/8863\/revisions\/8865"}],"wp:featuredmedia":[{"embeddable":true,"href":"https:\/\/www.lafresca.fm\/fresca-api-json\/wp\/v2\/media\/8864"}],"wp:attachment":[{"href":"https:\/\/www.lafresca.fm\/fresca-api-json\/wp\/v2\/media?parent=8863"}],"wp:term":[{"taxonomy":"category","embeddable":true,"href":"https:\/\/www.lafresca.fm\/fresca-api-json\/wp\/v2\/categories?post=8863"},{"taxonomy":"post_tag","embeddable":true,"href":"https:\/\/www.lafresca.fm\/fresca-api-json\/wp\/v2\/tags?post=8863"}],"curies":[{"name":"wp","href":"https:\/\/api.w.org\/{rel}","templated":true}]}}