{"id":8866,"date":"2023-04-21T13:02:45","date_gmt":"2023-04-21T11:02:45","guid":{"rendered":"https:\/\/www.lafresca.fm\/?p=8866"},"modified":"2023-04-21T13:02:48","modified_gmt":"2023-04-21T11:02:48","slug":"mari-pepa-bernabeu-nombrada-pregonera-de-las-fiestas-de-moros-y-cristianos-de-castalla","status":"publish","type":"post","link":"https:\/\/www.lafresca.fm\/mari-pepa-bernabeu-nombrada-pregonera-de-las-fiestas-de-moros-y-cristianos-de-castalla\/","title":{"rendered":"Mari Pepa Bernab\u00e9u nombrada pregonera de las Fiestas de Moros y Cristianos de Castalla"},"content":{"rendered":"\n<p>Mari Pepa Bernabeu ser\u00e1 la encargada de anunciar oficialmente el inicio de los d\u00edas grandes de las fiestas mayores de la ciudad<\/p>\n\n\n\n<p>Mari Pepa Bernabeu Mira ha sido elegido como pregonera de las fiestas de Moros y Cristianos de 2023 a trav\u00e9s de la votaci\u00f3n de los presidentes de Comparsa, la Concejal\u00eda de Fiestas, la Agrupaci\u00f3n de Comparsas y el presidente de la Agrupaci\u00f3n Musical Santa Cecilia. El nombramiento se produjo el pasado martes 18 de abril. El de pregonero es uno de los cargos m\u00e1s representativos de las fiestas mayores de la ciudad, ya que es la figura encargada de anunciar oficialmente el inicio de los d\u00edas grandes de la localidad. Mari Pepa Bernabeu atesora una gran trayectoria festera, a lo largo de la cual se ha desenvuelto tanto en cargos representativos como organizativos dentro de su comparsa, los Piratas, como de las fiestas en general.<\/p>\n\n\n\n<figure class=\"wp-block-image size-large\"><img fetchpriority=\"high\" decoding=\"async\" width=\"1170\" height=\"779\" src=\"https:\/\/www.lafresca.fm\/f-solosog\/2023\/04\/Pregonera-Castalla-2023-1170x779.jpeg\" alt=\"\" class=\"wp-image-8867\" srcset=\"https:\/\/www.lafresca.fm\/f-solosog\/2023\/04\/Pregonera-Castalla-2023-1170x779.jpeg 1170w, https:\/\/www.lafresca.fm\/f-solosog\/2023\/04\/Pregonera-Castalla-2023-770x513.jpeg 770w, https:\/\/www.lafresca.fm\/f-solosog\/2023\/04\/Pregonera-Castalla-2023-768x512.jpeg 768w, https:\/\/www.lafresca.fm\/f-solosog\/2023\/04\/Pregonera-Castalla-2023-1536x1023.jpeg 1536w, https:\/\/www.lafresca.fm\/f-solosog\/2023\/04\/Pregonera-Castalla-2023.jpeg 1599w\" sizes=\"(max-width: 1170px) 100vw, 1170px\" \/><\/figure>\n\n\n\n<p>El alcalde de Castalla, Antonio Bernabeu, ha felicitado p\u00fablicamente a la nueva pregonera y ha afirmado que \u201cdesde la corporaci\u00f3n municipal queremos dar la enhorabuena a Mari Pepa por el cargo tan importante que va a representar en los Moros y Cristianos de 2023, que goza con el reconocimiento de todos los festeros y festeras de la ciudad\u201d.<\/p>\n\n\n\n<p>Hasta el momento, Mari Pepa Bernabeu ha destacado como festera de la comparsa de Piratas durante toda su vida. En ella fue dama de honor y reina de fiestas. Tambi\u00e9n ha ostentado la capitan\u00eda y m\u00e1s recientemente ha sido capitana de la comparsa Maseros. Asimismo, es una de las \u2018cap\u2019 de escuadra m\u00e1s destacada y valorada de Castalla. Por otra parte, debido a su compromiso festero, ha estado vinculada a diferentes juntas directivas desde bien joven.<\/p>\n\n\n\n<p>Entre otros hechos, la nueva pregonera destaca por haber sido la primera vicepresidenta de comparsa de las Fiestas de Castalla. Un paso adelante que ha abierto la puerta a much\u00edsimas otras mujeres que han seguido su camino y han entrado a formar parte de la organizaci\u00f3n y la direcci\u00f3n de estas celebraciones.<\/p>\n\n\n\n<p>Hoy en d\u00eda, Mari Pepa sigue ligada a la directiva de los Piratas, donde aporta su experiencia y saber hacer. Todo ello, junto a la ilusi\u00f3n y el trabajo continuo, contribuyen a que las fiestas de la ciudad mejoren a\u00f1o tras a\u00f1o.<\/p>\n\n\n\n<p>En este sentido, el alcalde ha declarado que \u201cMari Pepa es una mujer comprometida, valiente y decidida, tres cualidades que la definen tambi\u00e9n como festera y que la convierten en la persona id\u00f3nea para el cargo que este a\u00f1o habr\u00e1 de representar\u201d.<\/p>\n\n\n\n<p>As\u00ed, el pr\u00f3ximo 26 de agosto de 2023, la comunidad festera castelluda tiene una cita con la nueva pregonera, Mari Pepa Bernabeu Mira, para encender con su preg\u00f3n el sentimiento festero de la ciudad<\/p>\n<script>function PlayerjsAsync(){} if(window[\"Playerjs\"]){PlayerjsAsync();}<\/script>","protected":false},"excerpt":{"rendered":"<p>Ser\u00e1 la encargada de anunciar oficialmente el inicio las fiestas mayores<\/p>\n","protected":false},"author":2,"featured_media":8867,"comment_status":"closed","ping_status":"closed","sticky":false,"template":"","format":"standard","meta":{"_monsterinsights_skip_tracking":false,"_monsterinsights_sitenote_active":false,"_monsterinsights_sitenote_note":"","_monsterinsights_sitenote_category":0,"footnotes":""},"categories":[4],"tags":[144],"class_list":["post-8866","post","type-post","status-publish","format-standard","has-post-thumbnail","hentry","category-alicante","tag-castalla"],"aioseo_notices":[],"_links":{"self":[{"href":"https:\/\/www.lafresca.fm\/fresca-api-json\/wp\/v2\/posts\/8866","targetHints":{"allow":["GET"]}}],"collection":[{"href":"https:\/\/www.lafresca.fm\/fresca-api-json\/wp\/v2\/posts"}],"about":[{"href":"https:\/\/www.lafresca.fm\/fresca-api-json\/wp\/v2\/types\/post"}],"author":[{"embeddable":true,"href":"https:\/\/www.lafresca.fm\/fresca-api-json\/wp\/v2\/users\/2"}],"replies":[{"embeddable":true,"href":"https:\/\/www.lafresca.fm\/fresca-api-json\/wp\/v2\/comments?post=8866"}],"version-history":[{"count":1,"href":"https:\/\/www.lafresca.fm\/fresca-api-json\/wp\/v2\/posts\/8866\/revisions"}],"predecessor-version":[{"id":8868,"href":"https:\/\/www.lafresca.fm\/fresca-api-json\/wp\/v2\/posts\/8866\/revisions\/8868"}],"wp:featuredmedia":[{"embeddable":true,"href":"https:\/\/www.lafresca.fm\/fresca-api-json\/wp\/v2\/media\/8867"}],"wp:attachment":[{"href":"https:\/\/www.lafresca.fm\/fresca-api-json\/wp\/v2\/media?parent=8866"}],"wp:term":[{"taxonomy":"category","embeddable":true,"href":"https:\/\/www.lafresca.fm\/fresca-api-json\/wp\/v2\/categories?post=8866"},{"taxonomy":"post_tag","embeddable":true,"href":"https:\/\/www.lafresca.fm\/fresca-api-json\/wp\/v2\/tags?post=8866"}],"curies":[{"name":"wp","href":"https:\/\/api.w.org\/{rel}","templated":true}]}}