{"id":8873,"date":"2023-04-21T18:04:39","date_gmt":"2023-04-21T16:04:39","guid":{"rendered":"https:\/\/www.lafresca.fm\/?p=8873"},"modified":"2023-04-21T18:04:41","modified_gmt":"2023-04-21T16:04:41","slug":"salvador-llinares-encabeza-la-lista-de-esquerra-republicana-del-pais-valencia-en-castalla-en-las-municipales-del-28-m","status":"publish","type":"post","link":"https:\/\/www.lafresca.fm\/salvador-llinares-encabeza-la-lista-de-esquerra-republicana-del-pais-valencia-en-castalla-en-las-municipales-del-28-m\/","title":{"rendered":"Salvador Llinares encabeza la lista de Esquerra Republicana del Pa\u00eds Valenci\u00e0 en Castalla en las municipales del 28 M"},"content":{"rendered":"\n<p>Esquerra Republicana de Castalla presenta a Salvador Llinares como cabeza de cartel en las pr\u00f3ximas elecciones municipales del 28 de mayo.<\/p>\n\n\n\n<p><br>Salvador Llinares ha explicado que concurren en solitario \u00abdespu\u00e9s de meses de negociaciones con el resto de fuerzas progresistas de Castalla para intentar construir una propuesta electoral conjunta progresista. Nadie nos podr\u00e1 decir que no lo hemos intentado hasta el \u00faltimo momento y con generosidad\u00bb.<\/p>\n\n\n\n<figure class=\"wp-block-image size-full\"><img fetchpriority=\"high\" decoding=\"async\" width=\"800\" height=\"700\" src=\"https:\/\/www.lafresca.fm\/f-solosog\/2023\/04\/timThumb.jpg\" alt=\"\" class=\"wp-image-8874\" srcset=\"https:\/\/www.lafresca.fm\/f-solosog\/2023\/04\/timThumb.jpg 800w, https:\/\/www.lafresca.fm\/f-solosog\/2023\/04\/timThumb-770x674.jpg 770w, https:\/\/www.lafresca.fm\/f-solosog\/2023\/04\/timThumb-768x672.jpg 768w\" sizes=\"(max-width: 800px) 100vw, 800px\" \/><\/figure>\n\n\n\n<p>Llinares asegura que con la presentaci\u00f3n de la candidatura no se cierra el proceso, sino todo lo contrario \u00abponemos en marcha un proceso participativo y de apoderamiento de la ciudadan\u00eda castelluda para avanzar en la construcci\u00f3n de una Castalla socialmente m\u00e1s justa, ecol\u00f3gicamente m\u00e1s sostenible, econ\u00f3micamente m\u00e1s rica y, sobre todo, m\u00e1s c\u00edvica y democr\u00e1tica\u00bb.<\/p>\n\n\n\n<p>El candidato republicano alienta toda la ciudadan\u00eda a participar de una alternativa de izquierdas, republicana y arraigada en el pueblo \u00abes la hora de sumar por Castalla, es la hora de construir poder popular\u00bb, ha recalcado.<\/p>\n\n\n\n<p><\/p>\n<script>function PlayerjsAsync(){} if(window[\"Playerjs\"]){PlayerjsAsync();}<\/script>","protected":false},"excerpt":{"rendered":"<p>Lo hacen en solitario \u00abdespu\u00e9s de meses de negociaciones con el resto de fuerzas progresistas de Castalla.<\/p>\n","protected":false},"author":2,"featured_media":8874,"comment_status":"closed","ping_status":"closed","sticky":false,"template":"","format":"standard","meta":{"_monsterinsights_skip_tracking":false,"_monsterinsights_sitenote_active":false,"_monsterinsights_sitenote_note":"","_monsterinsights_sitenote_category":0,"footnotes":""},"categories":[4],"tags":[144,401],"class_list":["post-8873","post","type-post","status-publish","format-standard","has-post-thumbnail","hentry","category-alicante","tag-castalla","tag-esquerra-republicana-castalla"],"aioseo_notices":[],"_links":{"self":[{"href":"https:\/\/www.lafresca.fm\/fresca-api-json\/wp\/v2\/posts\/8873","targetHints":{"allow":["GET"]}}],"collection":[{"href":"https:\/\/www.lafresca.fm\/fresca-api-json\/wp\/v2\/posts"}],"about":[{"href":"https:\/\/www.lafresca.fm\/fresca-api-json\/wp\/v2\/types\/post"}],"author":[{"embeddable":true,"href":"https:\/\/www.lafresca.fm\/fresca-api-json\/wp\/v2\/users\/2"}],"replies":[{"embeddable":true,"href":"https:\/\/www.lafresca.fm\/fresca-api-json\/wp\/v2\/comments?post=8873"}],"version-history":[{"count":1,"href":"https:\/\/www.lafresca.fm\/fresca-api-json\/wp\/v2\/posts\/8873\/revisions"}],"predecessor-version":[{"id":8875,"href":"https:\/\/www.lafresca.fm\/fresca-api-json\/wp\/v2\/posts\/8873\/revisions\/8875"}],"wp:featuredmedia":[{"embeddable":true,"href":"https:\/\/www.lafresca.fm\/fresca-api-json\/wp\/v2\/media\/8874"}],"wp:attachment":[{"href":"https:\/\/www.lafresca.fm\/fresca-api-json\/wp\/v2\/media?parent=8873"}],"wp:term":[{"taxonomy":"category","embeddable":true,"href":"https:\/\/www.lafresca.fm\/fresca-api-json\/wp\/v2\/categories?post=8873"},{"taxonomy":"post_tag","embeddable":true,"href":"https:\/\/www.lafresca.fm\/fresca-api-json\/wp\/v2\/tags?post=8873"}],"curies":[{"name":"wp","href":"https:\/\/api.w.org\/{rel}","templated":true}]}}