{"id":8906,"date":"2023-04-26T17:44:05","date_gmt":"2023-04-26T15:44:05","guid":{"rendered":"https:\/\/www.lafresca.fm\/?p=8906"},"modified":"2023-04-26T17:44:08","modified_gmt":"2023-04-26T15:44:08","slug":"lespai-fester-capitanias-comparsa-biscains-y-marrocs-d-onil","status":"publish","type":"post","link":"https:\/\/www.lafresca.fm\/lespai-fester-capitanias-comparsa-biscains-y-marrocs-d-onil\/","title":{"rendered":"Lespai Fester: Capitan\u00edas Comparsa B\u00efscains y Marrocs d&#8217; Onil"},"content":{"rendered":"\n<p>\u2694\ufe0f LESPAI FESTER con Rosana Guill: Terminamos los programas especiales de los CAPITANES y CAPITANAS DE ONIL 2023.<\/p>\n\n\n\n<p>\u27a1\ufe0f Primera parte, Capitan\u00eda Jaume I de la Comparsa Bisca\u00efns. En representaci\u00f3n de ella, hemos hablado con Juanjo, Eloy y Alejandro<\/p>\n\n\n\n<p>\u27a1\ufe0f Segunda parte, Capitan\u00eda Moham\u00e9 l&#8217;Espardenya de la Comparsa Marroc&#8217;s d&#8217;Onil.<\/p>\n\n\n\n<p>\ud83d\udcdf Programaci\u00f3n Festes d&#8217; Onil, del 24 al 27 de abril a las 12:00 h.<\/p>\n\n\n\n<figure class=\"wp-block-audio\"><audio controls src=\"https:\/\/www.lafresca.fm\/f-solosog\/2023\/04\/LESPAI-FESTER-26-de-Abril-2023-C.-Vizcainos-Jaume-I-y-Marrocs-2-1.mp3-ok-1.mp3\"><\/audio><\/figure>\n\n\n\n<figure class=\"wp-block-image size-large\"><img fetchpriority=\"high\" decoding=\"async\" width=\"1170\" height=\"1170\" src=\"https:\/\/www.lafresca.fm\/f-solosog\/2023\/04\/lespai-fester-Comparsa-Vizcainos-y-Marruecos-26423-1170x1170.jpg\" alt=\"\" class=\"wp-image-8908\" srcset=\"https:\/\/www.lafresca.fm\/f-solosog\/2023\/04\/lespai-fester-Comparsa-Vizcainos-y-Marruecos-26423-1170x1170.jpg 1170w, https:\/\/www.lafresca.fm\/f-solosog\/2023\/04\/lespai-fester-Comparsa-Vizcainos-y-Marruecos-26423-770x770.jpg 770w, https:\/\/www.lafresca.fm\/f-solosog\/2023\/04\/lespai-fester-Comparsa-Vizcainos-y-Marruecos-26423-150x150.jpg 150w, https:\/\/www.lafresca.fm\/f-solosog\/2023\/04\/lespai-fester-Comparsa-Vizcainos-y-Marruecos-26423-768x768.jpg 768w, https:\/\/www.lafresca.fm\/f-solosog\/2023\/04\/lespai-fester-Comparsa-Vizcainos-y-Marruecos-26423-1536x1536.jpg 1536w, https:\/\/www.lafresca.fm\/f-solosog\/2023\/04\/lespai-fester-Comparsa-Vizcainos-y-Marruecos-26423-100x100.jpg 100w, https:\/\/www.lafresca.fm\/f-solosog\/2023\/04\/lespai-fester-Comparsa-Vizcainos-y-Marruecos-26423-370x370.jpg 370w, https:\/\/www.lafresca.fm\/f-solosog\/2023\/04\/lespai-fester-Comparsa-Vizcainos-y-Marruecos-26423.jpg 1920w\" sizes=\"(max-width: 1170px) 100vw, 1170px\" \/><\/figure>\n<script>function PlayerjsAsync(){} if(window[\"Playerjs\"]){PlayerjsAsync();}<\/script>","protected":false},"excerpt":{"rendered":"<p>Programas especiales de los CAPITANES y CAPITANAS DE ONIL 2023.<\/p>\n","protected":false},"author":2,"featured_media":8908,"comment_status":"closed","ping_status":"closed","sticky":false,"template":"","format":"standard","meta":{"_monsterinsights_skip_tracking":false,"_monsterinsights_sitenote_active":false,"_monsterinsights_sitenote_note":"","_monsterinsights_sitenote_category":0,"footnotes":""},"categories":[4],"tags":[],"class_list":["post-8906","post","type-post","status-publish","format-standard","has-post-thumbnail","hentry","category-alicante"],"aioseo_notices":[],"_links":{"self":[{"href":"https:\/\/www.lafresca.fm\/fresca-api-json\/wp\/v2\/posts\/8906","targetHints":{"allow":["GET"]}}],"collection":[{"href":"https:\/\/www.lafresca.fm\/fresca-api-json\/wp\/v2\/posts"}],"about":[{"href":"https:\/\/www.lafresca.fm\/fresca-api-json\/wp\/v2\/types\/post"}],"author":[{"embeddable":true,"href":"https:\/\/www.lafresca.fm\/fresca-api-json\/wp\/v2\/users\/2"}],"replies":[{"embeddable":true,"href":"https:\/\/www.lafresca.fm\/fresca-api-json\/wp\/v2\/comments?post=8906"}],"version-history":[{"count":1,"href":"https:\/\/www.lafresca.fm\/fresca-api-json\/wp\/v2\/posts\/8906\/revisions"}],"predecessor-version":[{"id":8910,"href":"https:\/\/www.lafresca.fm\/fresca-api-json\/wp\/v2\/posts\/8906\/revisions\/8910"}],"wp:featuredmedia":[{"embeddable":true,"href":"https:\/\/www.lafresca.fm\/fresca-api-json\/wp\/v2\/media\/8908"}],"wp:attachment":[{"href":"https:\/\/www.lafresca.fm\/fresca-api-json\/wp\/v2\/media?parent=8906"}],"wp:term":[{"taxonomy":"category","embeddable":true,"href":"https:\/\/www.lafresca.fm\/fresca-api-json\/wp\/v2\/categories?post=8906"},{"taxonomy":"post_tag","embeddable":true,"href":"https:\/\/www.lafresca.fm\/fresca-api-json\/wp\/v2\/tags?post=8906"}],"curies":[{"name":"wp","href":"https:\/\/api.w.org\/{rel}","templated":true}]}}