{"id":9073,"date":"2023-05-11T16:03:10","date_gmt":"2023-05-11T14:03:10","guid":{"rendered":"https:\/\/www.lafresca.fm\/?p=9073"},"modified":"2023-05-11T16:03:12","modified_gmt":"2023-05-11T14:03:12","slug":"lespai-ibi-celebra-este-sabado-13-de-mayo-el-dia-de-lavis-eva-galera-presidenta-de-la-comision-de-fiestas","status":"publish","type":"post","link":"https:\/\/www.lafresca.fm\/lespai-ibi-celebra-este-sabado-13-de-mayo-el-dia-de-lavis-eva-galera-presidenta-de-la-comision-de-fiestas\/","title":{"rendered":"Lespai: Ibi celebra este s\u00e1bado 13 de mayo el d\u00eda de l&#8217;Av\u00eds. Eva Galera, presidenta de la Comisi\u00f3n de Fiestas."},"content":{"rendered":"\n<p>\ud83d\udce2 LESPAI con Rosana Guill: \ud83c\udff4\udb40\udc67\udb40\udc62\udb40\udc65\udb40\udc6e\udb40\udc67\udb40\udc7f\ud83c\udf19 Ibi celebra este s\u00e1bado 13 de mayo el d\u00eda de l&#8217;Av\u00eds. Ya este viernes 12 de mayo, tendremos el Traslado de la Mare de D\u00e9u Xicoteta, desde el Residencia Asilo San Joaqu\u00edn a la Iglesia de la Transfiguraci\u00f3n del Se\u00f1or. El s\u00e1bado, &#8220;Despert\u00e0&#8221;, Misa, Esmorzaret, Concurso de Cabos de Escuadra, Desfile y Procesi\u00f3n. Todo ello nos lo ha contado Eva Galera Verd\u00fa, presidenta de la Comisi\u00f3n de Moros y Cristianos de Ibi<\/p>\n\n\n\n<figure class=\"wp-block-audio\"><audio controls src=\"https:\/\/www.lafresca.fm\/f-solosog\/2023\/05\/Entrevista-Eva-Galera-Fiestas-Ibi-11523.mp3\"><\/audio><\/figure>\n\n\n\n<figure class=\"wp-block-image size-large\"><img fetchpriority=\"high\" decoding=\"async\" width=\"1170\" height=\"878\" src=\"https:\/\/www.lafresca.fm\/f-solosog\/2023\/05\/lespai-eva-galera-comision-fiestas-ibi-11523-1170x878.jpg\" alt=\"\" class=\"wp-image-9075\" srcset=\"https:\/\/www.lafresca.fm\/f-solosog\/2023\/05\/lespai-eva-galera-comision-fiestas-ibi-11523-1170x878.jpg 1170w, https:\/\/www.lafresca.fm\/f-solosog\/2023\/05\/lespai-eva-galera-comision-fiestas-ibi-11523-770x578.jpg 770w, https:\/\/www.lafresca.fm\/f-solosog\/2023\/05\/lespai-eva-galera-comision-fiestas-ibi-11523-768x576.jpg 768w, https:\/\/www.lafresca.fm\/f-solosog\/2023\/05\/lespai-eva-galera-comision-fiestas-ibi-11523-1536x1152.jpg 1536w, https:\/\/www.lafresca.fm\/f-solosog\/2023\/05\/lespai-eva-galera-comision-fiestas-ibi-11523.jpg 2000w\" sizes=\"(max-width: 1170px) 100vw, 1170px\" \/><\/figure>\n<script>function PlayerjsAsync(){} if(window[\"Playerjs\"]){PlayerjsAsync();}<\/script>","protected":false},"excerpt":{"rendered":"<p>Este viernes 12 de mayo, tendremos el Traslado de la Mare de D\u00e9u Xicoteta,<\/p>\n","protected":false},"author":2,"featured_media":9075,"comment_status":"closed","ping_status":"closed","sticky":false,"template":"","format":"standard","meta":{"_monsterinsights_skip_tracking":false,"_monsterinsights_sitenote_active":false,"_monsterinsights_sitenote_note":"","_monsterinsights_sitenote_category":0,"footnotes":""},"categories":[4],"tags":[428,128],"class_list":["post-9073","post","type-post","status-publish","format-standard","has-post-thumbnail","hentry","category-alicante","tag-avis-ibi-2023","tag-ibi"],"aioseo_notices":[],"_links":{"self":[{"href":"https:\/\/www.lafresca.fm\/fresca-api-json\/wp\/v2\/posts\/9073","targetHints":{"allow":["GET"]}}],"collection":[{"href":"https:\/\/www.lafresca.fm\/fresca-api-json\/wp\/v2\/posts"}],"about":[{"href":"https:\/\/www.lafresca.fm\/fresca-api-json\/wp\/v2\/types\/post"}],"author":[{"embeddable":true,"href":"https:\/\/www.lafresca.fm\/fresca-api-json\/wp\/v2\/users\/2"}],"replies":[{"embeddable":true,"href":"https:\/\/www.lafresca.fm\/fresca-api-json\/wp\/v2\/comments?post=9073"}],"version-history":[{"count":1,"href":"https:\/\/www.lafresca.fm\/fresca-api-json\/wp\/v2\/posts\/9073\/revisions"}],"predecessor-version":[{"id":9076,"href":"https:\/\/www.lafresca.fm\/fresca-api-json\/wp\/v2\/posts\/9073\/revisions\/9076"}],"wp:featuredmedia":[{"embeddable":true,"href":"https:\/\/www.lafresca.fm\/fresca-api-json\/wp\/v2\/media\/9075"}],"wp:attachment":[{"href":"https:\/\/www.lafresca.fm\/fresca-api-json\/wp\/v2\/media?parent=9073"}],"wp:term":[{"taxonomy":"category","embeddable":true,"href":"https:\/\/www.lafresca.fm\/fresca-api-json\/wp\/v2\/categories?post=9073"},{"taxonomy":"post_tag","embeddable":true,"href":"https:\/\/www.lafresca.fm\/fresca-api-json\/wp\/v2\/tags?post=9073"}],"curies":[{"name":"wp","href":"https:\/\/api.w.org\/{rel}","templated":true}]}}