{"id":9124,"date":"2023-05-19T10:12:23","date_gmt":"2023-05-19T08:12:23","guid":{"rendered":"https:\/\/www.lafresca.fm\/?p=9124"},"modified":"2023-05-19T10:27:16","modified_gmt":"2023-05-19T08:27:16","slug":"roban-el-monumento-al-ciclista-del-xorret-del-cati-de-castalla-escenario-de-varias-llegadas-de-la-vuelta","status":"publish","type":"post","link":"https:\/\/www.lafresca.fm\/roban-el-monumento-al-ciclista-del-xorret-del-cati-de-castalla-escenario-de-varias-llegadas-de-la-vuelta\/","title":{"rendered":"Roban el Monumento al Ciclista del Xorret del Cat\u00ed de Castalla, escenario de varias llegadas de La Vuelta"},"content":{"rendered":"\n<p>El&nbsp;Monumento al Ciclista en Xorret del Cat\u00ed, ubicado en Castalla ha sido robado. <\/p>\n\n\n\n<p>Esta&nbsp;emblem\u00e1tica escultura, creada por el reconocido escultor&nbsp;<strong>Vicente Ferrero&nbsp;<\/strong>en el a\u00f1o 2003 durante la etapa de<strong>&nbsp;Julio de Espa\u00f1a&nbsp;<\/strong>como presidente de la&nbsp;<strong>Diputaci\u00f3n de Alicante<\/strong>, fue levantada como homenaje a los ciclistas que ascend\u00edan al Xorret a ra\u00edz de los finales en alto de La Vuelta en este bello y duro escenario.<\/p>\n\n\n\n<p>Ayer se conoci\u00f3 el escrito de Vicente Ferrero y salt\u00f3 la alarma, aunque el monumento ya lleva varios d\u00edas fuera del lugar en el que fue situado en dicho enclave en homenaje a \u00abChaba\u00bb Jim\u00e9nez y&nbsp;<strong>&nbsp;<\/strong>Eladio Jim\u00e9nez, que fueron los primeros en ganar en Xorret de Cat\u00ed en La Vuelta y darlo a conocer al mundo ciclismo. Unos meses antes del segundo triunfo de Eladio, el 26 de febrero del 2003,&nbsp;el entonces presidente de la Diputaci\u00f3n de Alicante,&nbsp;<strong>Julio de Espa\u00f1a,&nbsp;<\/strong>lo inaugur\u00f3 para homenajear a ambos ciclistas. Sus nombres quedaron grabados en una placa en la propia piedra que soporta la escultura, al que luego se fueron a\u00f1adiendo los de Gustavo Veloso, David Moncuti\u00e9 y Julian Alaphilippe.<\/p>\n\n\n\n<p><\/p>\n\n\n\n<figure class=\"wp-block-image size-full is-resized\"><img fetchpriority=\"high\" decoding=\"async\" src=\"https:\/\/www.lafresca.fm\/f-solosog\/2023\/05\/sin-el-ciclista.jpg\" alt=\"\" class=\"wp-image-9125\" width=\"635\" height=\"476\"\/><\/figure>\n\n\n\n<p>Las medidas de la escultura, de&nbsp;300 kilos de peso, hacen a\u00fan m\u00e1s incre\u00edble la situaci\u00f3n, ya que se trata de una pieza elaborada en bronce, con unas medidas de 175x55x178. Este monumento se hab\u00eda convertido en un&nbsp;s\u00edmbolo de la pasi\u00f3n&nbsp;por el ciclismo en la&nbsp;provincia de Alicante&nbsp;y era raro aquel&nbsp;deportista<strong>&nbsp;<\/strong>que con la fuerza de sus piernas y el esfuerzo de sus pedales no se hab\u00eda hecho una fotograf\u00eda junto a ella cuando coronaba esta empinada ascensi\u00f3n de tres kil\u00f3metros. Las autoridades y la polic\u00eda creen que este robo tiene como objetivo fundir el bronce y hacerse con su valor, lo que supone la p\u00e9rdida de su valor art\u00edstico y representativo.<\/p>\n\n\n\n<p>Para el robo de la escultura se ha tenido que usar<strong>\u00a0<\/strong>herramientas especializadas\u00a0para, por ejemplo, eliminar la fijaci\u00f3n de la misma a la peana sobre la que estaba instalada, as\u00ed como un\u00a0cami\u00f3n pluma\u00a0para movilizar y transportar la pieza.<\/p>\n\n\n\n<figure class=\"wp-block-image size-full is-resized\"><img decoding=\"async\" src=\"https:\/\/www.lafresca.fm\/f-solosog\/2023\/05\/monu.jpg\" alt=\"\" class=\"wp-image-9129\" width=\"635\" height=\"420\" srcset=\"https:\/\/www.lafresca.fm\/f-solosog\/2023\/05\/monu.jpg 1024w, https:\/\/www.lafresca.fm\/f-solosog\/2023\/05\/monu-770x510.jpg 770w, https:\/\/www.lafresca.fm\/f-solosog\/2023\/05\/monu-768x509.jpg 768w\" sizes=\"(max-width: 635px) 100vw, 635px\" \/><\/figure>\n\n\n\n<p><strong>Robo del Monumento al Ciclista.<\/strong><\/p>\n\n\n\n<p><em>Vicente Ferrero, en el a\u00f1o 2003 realiza el Monumento al ciclista, en bronce y con unas medidas de 175x55x178 cm. en Xorret de Cat\u00ed, t\u00e9rmino municipal de Castalla, Alicante. Homenaje a los deportistas de \u00e9lite que compiten en la Vuelta ciclista a Espa\u00f1a, en la que una de las etapas dentro de nuestra provincia ha terminado aqu\u00ed en varias ocasiones. El escultor consigue, en esta obra figurativa que se mimetice con el entorno natural y que no desentone en este paraje de monta\u00f1a referente en la comunidad. Con la finalidad de reconocer el esfuerzo de los profesionales de un deporte con una gran disciplina, erige un monumento de un ciclista en pleno ascenso y superaci\u00f3n personal, que con su instrumento de trabajo se sustenta en un basamento de hormig\u00f3n con una inclinaci\u00f3n que acent\u00faa la percepci\u00f3n de subida, donde la inscripci\u00f3n da fe de lo acontecido. El monumento fue promovido por la Exma. Diputaci\u00f3n Provincial de Alicante, siendo el presidente en este momento don Julio De Espa\u00f1a Molla.<\/em><\/p>\n\n\n\n<p><em>En la tarde de este jueves, desde el MUBAG, museo al que est\u00e1 adscrita esta pieza, su director Jorge Soler ha informado al escultor del robo de la obra. Creemos que, debido a la importancia de la misma para la Real Federaci\u00f3n Espa\u00f1ola de Ciclismo, puesto que la pieza est\u00e1 ubicada al final de una etapa de la Vuelta Ciclista a Espa\u00f1a, deben de ser informados de este lamentable hecho.<\/em><\/p>\n\n\n\n<p><\/p>\n<script>function PlayerjsAsync(){} if(window[\"Playerjs\"]){PlayerjsAsync();}<\/script>","protected":false},"excerpt":{"rendered":"<p>La escultura fue creada por el reconocido escultor\u00a0Vicente Ferrero\u00a0en el a\u00f1o 2003<\/p>\n","protected":false},"author":2,"featured_media":9125,"comment_status":"closed","ping_status":"closed","sticky":false,"template":"","format":"standard","meta":{"_monsterinsights_skip_tracking":false,"_monsterinsights_sitenote_active":false,"_monsterinsights_sitenote_note":"","_monsterinsights_sitenote_category":0,"footnotes":""},"categories":[4],"tags":[144],"class_list":["post-9124","post","type-post","status-publish","format-standard","has-post-thumbnail","hentry","category-alicante","tag-castalla"],"aioseo_notices":[],"_links":{"self":[{"href":"https:\/\/www.lafresca.fm\/fresca-api-json\/wp\/v2\/posts\/9124","targetHints":{"allow":["GET"]}}],"collection":[{"href":"https:\/\/www.lafresca.fm\/fresca-api-json\/wp\/v2\/posts"}],"about":[{"href":"https:\/\/www.lafresca.fm\/fresca-api-json\/wp\/v2\/types\/post"}],"author":[{"embeddable":true,"href":"https:\/\/www.lafresca.fm\/fresca-api-json\/wp\/v2\/users\/2"}],"replies":[{"embeddable":true,"href":"https:\/\/www.lafresca.fm\/fresca-api-json\/wp\/v2\/comments?post=9124"}],"version-history":[{"count":3,"href":"https:\/\/www.lafresca.fm\/fresca-api-json\/wp\/v2\/posts\/9124\/revisions"}],"predecessor-version":[{"id":9130,"href":"https:\/\/www.lafresca.fm\/fresca-api-json\/wp\/v2\/posts\/9124\/revisions\/9130"}],"wp:featuredmedia":[{"embeddable":true,"href":"https:\/\/www.lafresca.fm\/fresca-api-json\/wp\/v2\/media\/9125"}],"wp:attachment":[{"href":"https:\/\/www.lafresca.fm\/fresca-api-json\/wp\/v2\/media?parent=9124"}],"wp:term":[{"taxonomy":"category","embeddable":true,"href":"https:\/\/www.lafresca.fm\/fresca-api-json\/wp\/v2\/categories?post=9124"},{"taxonomy":"post_tag","embeddable":true,"href":"https:\/\/www.lafresca.fm\/fresca-api-json\/wp\/v2\/tags?post=9124"}],"curies":[{"name":"wp","href":"https:\/\/api.w.org\/{rel}","templated":true}]}}