{"id":9214,"date":"2023-05-30T09:25:42","date_gmt":"2023-05-30T07:25:42","guid":{"rendered":"https:\/\/www.lafresca.fm\/?p=9214"},"modified":"2023-05-30T09:25:44","modified_gmt":"2023-05-30T07:25:44","slug":"vuelve-el-concurso-ninco-de-la-subida-a-les-revoltes-dibi-trofeo-villa-del-juguete-2023","status":"publish","type":"post","link":"https:\/\/www.lafresca.fm\/vuelve-el-concurso-ninco-de-la-subida-a-les-revoltes-dibi-trofeo-villa-del-juguete-2023\/","title":{"rendered":"Vuelve el Concurso NINCO de la \u201cSubida a Les Revoltes d\u2019Ibi Trofeo Villa del Juguete 2023\u201d"},"content":{"rendered":"\n<p><strong>Por tercer a\u00f1o, el concurso m\u00e1s esperado por los j\u00f3venes -y no tan j\u00f3venes- de Ibi, tendr\u00e1 lugar durante el pr\u00f3ximo fin de semana.<\/strong><\/p>\n\n\n\n<p>Gracias al \u00e9xito de las dos ediciones anteriores, NINCO ha querido seguir formando parte de la \u201cSubida a Les Revoltes d\u2019Ibi Trofeo Villa del Juguete 2023\u201d con su concurso, que ya se ha convertido en una referencia dentro del CAMPEONATO<strong>&nbsp;DE ESPA\u00d1A DE MONTA\u00d1A AUTOHEBDO.<\/strong><\/p>\n\n\n\n<p>El concurso es sencillo. En la Revista Oficial de la prueba se mostrar\u00e1 la imagen de todos los participantes, con un espacio destinado para que los pilotos puedan firmar. Una vez conseguidas todas las firmas de los inscritos, la organizaci\u00f3n verificar\u00e1 el cumplimiento de la misma y, entre quienes lo cumplan, la organizaci\u00f3n realizar\u00e1 un sorteo de tres circuitos de carreras de Slot de\u00a0<strong>NINCON<\/strong>\u00a0con su correspondiente entrega de premios en la localidad.<\/p>\n\n\n\n<figure class=\"wp-block-image size-full\"><img fetchpriority=\"high\" decoding=\"async\" width=\"1024\" height=\"768\" src=\"https:\/\/www.lafresca.fm\/f-solosog\/2023\/05\/ganadores-concurso.jpg\" alt=\"\" class=\"wp-image-9215\" srcset=\"https:\/\/www.lafresca.fm\/f-solosog\/2023\/05\/ganadores-concurso.jpg 1024w, https:\/\/www.lafresca.fm\/f-solosog\/2023\/05\/ganadores-concurso-770x578.jpg 770w, https:\/\/www.lafresca.fm\/f-solosog\/2023\/05\/ganadores-concurso-768x576.jpg 768w\" sizes=\"(max-width: 1024px) 100vw, 1024px\" \/><\/figure>\n\n\n\n<p>En las dos ediciones anteriores, la t\u00f3nica durante todo el fin de semana era de ni\u00f1os recorriendo las asistencias para recabar la firma de sus \u00eddolos y completar una Gu\u00eda del Espectador que tambi\u00e9n les servir\u00e1 como recuerdo imborrable de lo sucedido en Ibi durante las tres jornadas que dura la prueba. No obstante, estas gu\u00edas con la firma de los protagonistas son elementos que adquieren valor para los aficionados con el paso de los a\u00f1os.<\/p>\n\n\n\n<p>Por otra parte, los propios pilotos tambi\u00e9n est\u00e1n acogiendo con mucho agrado esta iniciativa y muchos de ellos no dudan es ser los que se acerquen a los ni\u00f1os para preguntar si le falta su firma.<\/p>\n\n\n\n<p>Es muy importante que tengamos en cuenta que, para los pilotos, lo principal es la competici\u00f3n y aunque ninguno de ellos tiene ning\u00fan reparo a la hora de colaborar con el concurso, tambi\u00e9n es cierto que en algunos momentos tienen que prestar una mayor atenci\u00f3n a la asistencia, por lo que les ser\u00e1 imposible firmar en ese momento. Recomendamos a los participantes en el concurso que tengan esa circunstancia en cuenta y, si en ese momento es imposible obtener la firma, lo vuelvan a intentar m\u00e1s tarde que, seguro, obtendr\u00e1n la recompensa deseada.<\/p>\n\n\n\n<p>Recordemos que NINCO es una empresa afincada en Ibi, productora de juguetes recreativos, a escala 1\/32 de barcos, coches teledirigidos, drones, etc.<\/p>\n<script>function PlayerjsAsync(){} if(window[\"Playerjs\"]){PlayerjsAsync();}<\/script>","protected":false},"excerpt":{"rendered":"<p>El concurso tendr\u00e1 lugar durante el pr\u00f3ximo fin de semana<\/p>\n","protected":false},"author":2,"featured_media":9215,"comment_status":"closed","ping_status":"closed","sticky":false,"template":"","format":"standard","meta":{"_monsterinsights_skip_tracking":false,"_monsterinsights_sitenote_active":false,"_monsterinsights_sitenote_note":"","_monsterinsights_sitenote_category":0,"footnotes":""},"categories":[4],"tags":[128,413],"class_list":["post-9214","post","type-post","status-publish","format-standard","has-post-thumbnail","hentry","category-alicante","tag-ibi","tag-subida-a-les-revoltes-2023"],"aioseo_notices":[],"_links":{"self":[{"href":"https:\/\/www.lafresca.fm\/fresca-api-json\/wp\/v2\/posts\/9214","targetHints":{"allow":["GET"]}}],"collection":[{"href":"https:\/\/www.lafresca.fm\/fresca-api-json\/wp\/v2\/posts"}],"about":[{"href":"https:\/\/www.lafresca.fm\/fresca-api-json\/wp\/v2\/types\/post"}],"author":[{"embeddable":true,"href":"https:\/\/www.lafresca.fm\/fresca-api-json\/wp\/v2\/users\/2"}],"replies":[{"embeddable":true,"href":"https:\/\/www.lafresca.fm\/fresca-api-json\/wp\/v2\/comments?post=9214"}],"version-history":[{"count":1,"href":"https:\/\/www.lafresca.fm\/fresca-api-json\/wp\/v2\/posts\/9214\/revisions"}],"predecessor-version":[{"id":9216,"href":"https:\/\/www.lafresca.fm\/fresca-api-json\/wp\/v2\/posts\/9214\/revisions\/9216"}],"wp:featuredmedia":[{"embeddable":true,"href":"https:\/\/www.lafresca.fm\/fresca-api-json\/wp\/v2\/media\/9215"}],"wp:attachment":[{"href":"https:\/\/www.lafresca.fm\/fresca-api-json\/wp\/v2\/media?parent=9214"}],"wp:term":[{"taxonomy":"category","embeddable":true,"href":"https:\/\/www.lafresca.fm\/fresca-api-json\/wp\/v2\/categories?post=9214"},{"taxonomy":"post_tag","embeddable":true,"href":"https:\/\/www.lafresca.fm\/fresca-api-json\/wp\/v2\/tags?post=9214"}],"curies":[{"name":"wp","href":"https:\/\/api.w.org\/{rel}","templated":true}]}}